{"id":4581,"date":"2019-02-04T14:49:36","date_gmt":"2019-02-04T13:49:36","guid":{"rendered":"https:\/\/www.editions-libel.fr\/maison-edition\/?p=4581"},"modified":"2021-02-09T14:05:57","modified_gmt":"2021-02-09T13:05:57","slug":"eaux-fortes-presse","status":"publish","type":"post","link":"https:\/\/www.editions-libel.fr\/maison-edition\/2019\/02\/04\/eaux-fortes-presse\/","title":{"rendered":"EAUX FORTES. L&rsquo;IMAGINAIRE DU FLEUVE"},"content":{"rendered":"[vc_row][vc_column][vc_column_text]\n<p style=\"text-align: left;\"><strong style=\"line-height: 1.5;\"><img loading=\"lazy\" decoding=\"async\" class=\"alignnone size-full wp-image-5571\" src=\"http:\/\/dev.editions-libel.fr\/2019\/wp-content\/uploads\/EAUX-FORTES-TARDY-PIERRE-GRAS-GRAVURES-FLEUVE-PRESSE-2.jpg\" alt=\"\" width=\"1500\" height=\"300\" srcset=\"https:\/\/www.editions-libel.fr\/maison-edition\/wp-content\/uploads\/EAUX-FORTES-TARDY-PIERRE-GRAS-GRAVURES-FLEUVE-PRESSE-2.jpg 1500w, https:\/\/www.editions-libel.fr\/maison-edition\/wp-content\/uploads\/EAUX-FORTES-TARDY-PIERRE-GRAS-GRAVURES-FLEUVE-PRESSE-2-300x60.jpg 300w, https:\/\/www.editions-libel.fr\/maison-edition\/wp-content\/uploads\/EAUX-FORTES-TARDY-PIERRE-GRAS-GRAVURES-FLEUVE-PRESSE-2-900x180.jpg 900w, https:\/\/www.editions-libel.fr\/maison-edition\/wp-content\/uploads\/EAUX-FORTES-TARDY-PIERRE-GRAS-GRAVURES-FLEUVE-PRESSE-2-150x30.jpg 150w, https:\/\/www.editions-libel.fr\/maison-edition\/wp-content\/uploads\/EAUX-FORTES-TARDY-PIERRE-GRAS-GRAVURES-FLEUVE-PRESSE-2-1024x205.jpg 1024w, https:\/\/www.editions-libel.fr\/maison-edition\/wp-content\/uploads\/EAUX-FORTES-TARDY-PIERRE-GRAS-GRAVURES-FLEUVE-PRESSE-2-325x65.jpg 325w\" sizes=\"auto, (max-width: 1500px) 100vw, 1500px\" \/>Radio canut <\/strong><span style=\"line-height: 1.5;\">&#8211;\u00a0 janvier 2019\u00a0 \u203a <a href=\"https:\/\/blogs.radiocanut.org\/spectaculaire\/2019\/01\/29\/emission-n-186-mercredi-30-janvier\/\" target=\"_blank\" rel=\"noopener noreferrer\" class=\"broken_link\">\u00c9couter l&rsquo;\u00e9mission<\/a><\/span><\/p>\n<p><strong>Presse Oc\u00e9an<\/strong> &#8211; juin 2019 <span style=\"line-height: 1.5;\">\u203a <a href=\"https:\/\/www.editions-libel.fr\/maison-edition\/wp-content\/uploads\/leparvisstnazaire@free.fr_20190611_153020.pdf\" target=\"_blank\" rel=\"noopener noreferrer\">Lire l&rsquo;article<\/a><\/span>[\/vc_column_text][\/vc_column][\/vc_row]\n","protected":false},"excerpt":{"rendered":"<p>[vc_row][vc_column][vc_column_text] Radio canut &#8211;\u00a0 janvier 2019\u00a0 \u203a \u00c9couter l&rsquo;\u00e9mission Presse Oc\u00e9an &#8211; juin 2019 \u203a Lire l&rsquo;article[\/vc_column_text][\/vc_column][\/vc_row]<\/p>\n","protected":false},"author":2,"featured_media":5570,"comment_status":"closed","ping_status":"open","sticky":false,"template":"","format":"standard","meta":{"footnotes":""},"categories":[29],"tags":[],"class_list":["post-4581","post","type-post","status-publish","format-standard","has-post-thumbnail","hentry","category-presse"],"_links":{"self":[{"href":"https:\/\/www.editions-libel.fr\/maison-edition\/wp-json\/wp\/v2\/posts\/4581","targetHints":{"allow":["GET"]}}],"collection":[{"href":"https:\/\/www.editions-libel.fr\/maison-edition\/wp-json\/wp\/v2\/posts"}],"about":[{"href":"https:\/\/www.editions-libel.fr\/maison-edition\/wp-json\/wp\/v2\/types\/post"}],"author":[{"embeddable":true,"href":"https:\/\/www.editions-libel.fr\/maison-edition\/wp-json\/wp\/v2\/users\/2"}],"replies":[{"embeddable":true,"href":"https:\/\/www.editions-libel.fr\/maison-edition\/wp-json\/wp\/v2\/comments?post=4581"}],"version-history":[{"count":12,"href":"https:\/\/www.editions-libel.fr\/maison-edition\/wp-json\/wp\/v2\/posts\/4581\/revisions"}],"predecessor-version":[{"id":6112,"href":"https:\/\/www.editions-libel.fr\/maison-edition\/wp-json\/wp\/v2\/posts\/4581\/revisions\/6112"}],"wp:featuredmedia":[{"embeddable":true,"href":"https:\/\/www.editions-libel.fr\/maison-edition\/wp-json\/wp\/v2\/media\/5570"}],"wp:attachment":[{"href":"https:\/\/www.editions-libel.fr\/maison-edition\/wp-json\/wp\/v2\/media?parent=4581"}],"wp:term":[{"taxonomy":"category","embeddable":true,"href":"https:\/\/www.editions-libel.fr\/maison-edition\/wp-json\/wp\/v2\/categories?post=4581"},{"taxonomy":"post_tag","embeddable":true,"href":"https:\/\/www.editions-libel.fr\/maison-edition\/wp-json\/wp\/v2\/tags?post=4581"}],"curies":[{"name":"wp","href":"https:\/\/api.w.org\/{rel}","templated":true}]}}