{"id":4474,"date":"2019-01-28T10:53:44","date_gmt":"2019-01-28T09:53:44","guid":{"rendered":"http:\/\/www.editions-libel.fr\/maison-edition\/?p=4474"},"modified":"2019-06-18T14:27:05","modified_gmt":"2019-06-18T13:27:05","slug":"rencontres-colline-2-2-2-2","status":"publish","type":"post","link":"https:\/\/www.editions-libel.fr\/maison-edition\/2019\/01\/28\/rencontres-colline-2-2-2-2\/","title":{"rendered":"HISTOIRE(S) DE LA GASTRONOMIE LYONNAISE"},"content":{"rendered":"[vc_row][vc_column][vc_column_text]<strong><img loading=\"lazy\" decoding=\"async\" class=\"alignnone size-full wp-image-6000\" src=\"http:\/\/dev.editions-libel.fr\/2019\/wp-content\/uploads\/histoire-de-la-gastronomie-lyonnaise-yves-rouche-conference-prix-canuts-2019.jpg\" alt=\"\" width=\"1500\" height=\"300\" srcset=\"https:\/\/www.editions-libel.fr\/maison-edition\/wp-content\/uploads\/histoire-de-la-gastronomie-lyonnaise-yves-rouche-conference-prix-canuts-2019.jpg 1500w, https:\/\/www.editions-libel.fr\/maison-edition\/wp-content\/uploads\/histoire-de-la-gastronomie-lyonnaise-yves-rouche-conference-prix-canuts-2019-300x60.jpg 300w, https:\/\/www.editions-libel.fr\/maison-edition\/wp-content\/uploads\/histoire-de-la-gastronomie-lyonnaise-yves-rouche-conference-prix-canuts-2019-900x180.jpg 900w, https:\/\/www.editions-libel.fr\/maison-edition\/wp-content\/uploads\/histoire-de-la-gastronomie-lyonnaise-yves-rouche-conference-prix-canuts-2019-150x30.jpg 150w, https:\/\/www.editions-libel.fr\/maison-edition\/wp-content\/uploads\/histoire-de-la-gastronomie-lyonnaise-yves-rouche-conference-prix-canuts-2019-1024x205.jpg 1024w, https:\/\/www.editions-libel.fr\/maison-edition\/wp-content\/uploads\/histoire-de-la-gastronomie-lyonnaise-yves-rouche-conference-prix-canuts-2019-325x65.jpg 325w\" sizes=\"auto, (max-width: 1500px) 100vw, 1500px\" \/>PRIX CANUT 2019<\/strong><\/p>\n<p>Pour la seconde ann\u00e9e cons\u00e9cutive, un ouvrage des \u00e9ditions Libel a re\u00e7u le<strong> Prix Canut<\/strong> !<\/p>\n<p class=\"font_9\"><span class=\"s1\">Apr\u00e8s <strong><em><a href=\"https:\/\/www.editions-libel.fr\/maison-edition\/boutique\/les-canuts-ou-la-democratie-turbulente\/\">Les Canuts ou la d\u00e9mocratie turbulente<\/a><\/em><\/strong> par Ludovic Frobert, c&rsquo;est Yves Rou\u00e8che, chroniqueur culinaire, qui a re\u00e7u le prix Canut 2019. Paru aux \u00e9ditions Libel, <em><strong>Histoire(s) de la gastronomie lyonnaise<\/strong><\/em> revisite l\u2019histoire de la cuisine lyonnaise au travers de celle de la ville, de son terroir, de ses lieux gourmands, de ses tables mythiques, de ses sp\u00e9cialit\u00e9s historiques, ainsi que celle de tous les personnages embl\u00e9matiques qui en sont les ambassadeurs.<\/span><span class=\"s1\">\u00a0<\/span><\/p>\n<p class=\"p1\"><span style=\"line-height: 1.5;\">Pour d\u00e9couvrir le livre, <\/span><strong style=\"line-height: 1.5;\"><a href=\"http:\/\/www.editions-libel.fr\/maison-edition\/boutique\/histoires-de-la-gastronomie-lyonnaise\/\">cliquer ici<\/a><\/strong><\/p>\n<p>\u00a0[\/vc_column_text][\/vc_column][\/vc_row]\n","protected":false},"excerpt":{"rendered":"<p>[vc_row][vc_column][vc_column_text]PRIX CANUT 2019 Pour la seconde ann\u00e9e cons\u00e9cutive, un ouvrage des \u00e9ditions Libel a re\u00e7u le Prix Canut ! Apr\u00e8s Les Canuts ou la d\u00e9mocratie turbulente par Ludovic Frobert, c&rsquo;est Yves Rou\u00e8che, chroniqueur culinaire, qui a re\u00e7u le prix Canut 2019. Paru aux \u00e9ditions Libel, Histoire(s) de la gastronomie lyonnaise revisite l\u2019histoire de la cuisine [&hellip;]<\/p>\n","protected":false},"author":2,"featured_media":4473,"comment_status":"closed","ping_status":"open","sticky":false,"template":"","format":"standard","meta":{"footnotes":""},"categories":[28,75],"tags":[],"class_list":["post-4474","post","type-post","status-publish","format-standard","has-post-thumbnail","hentry","category-actualites","category-evenements"],"_links":{"self":[{"href":"https:\/\/www.editions-libel.fr\/maison-edition\/wp-json\/wp\/v2\/posts\/4474","targetHints":{"allow":["GET"]}}],"collection":[{"href":"https:\/\/www.editions-libel.fr\/maison-edition\/wp-json\/wp\/v2\/posts"}],"about":[{"href":"https:\/\/www.editions-libel.fr\/maison-edition\/wp-json\/wp\/v2\/types\/post"}],"author":[{"embeddable":true,"href":"https:\/\/www.editions-libel.fr\/maison-edition\/wp-json\/wp\/v2\/users\/2"}],"replies":[{"embeddable":true,"href":"https:\/\/www.editions-libel.fr\/maison-edition\/wp-json\/wp\/v2\/comments?post=4474"}],"version-history":[{"count":9,"href":"https:\/\/www.editions-libel.fr\/maison-edition\/wp-json\/wp\/v2\/posts\/4474\/revisions"}],"predecessor-version":[{"id":6001,"href":"https:\/\/www.editions-libel.fr\/maison-edition\/wp-json\/wp\/v2\/posts\/4474\/revisions\/6001"}],"wp:featuredmedia":[{"embeddable":true,"href":"https:\/\/www.editions-libel.fr\/maison-edition\/wp-json\/wp\/v2\/media\/4473"}],"wp:attachment":[{"href":"https:\/\/www.editions-libel.fr\/maison-edition\/wp-json\/wp\/v2\/media?parent=4474"}],"wp:term":[{"taxonomy":"category","embeddable":true,"href":"https:\/\/www.editions-libel.fr\/maison-edition\/wp-json\/wp\/v2\/categories?post=4474"},{"taxonomy":"post_tag","embeddable":true,"href":"https:\/\/www.editions-libel.fr\/maison-edition\/wp-json\/wp\/v2\/tags?post=4474"}],"curies":[{"name":"wp","href":"https:\/\/api.w.org\/{rel}","templated":true}]}}