{"id":4456,"date":"2019-01-20T15:30:16","date_gmt":"2019-01-20T14:30:16","guid":{"rendered":"http:\/\/www.editions-libel.fr\/maison-edition\/?p=4456"},"modified":"2019-06-18T14:29:42","modified_gmt":"2019-06-18T13:29:42","slug":"rencontres-colline-2-3","status":"publish","type":"post","link":"https:\/\/www.editions-libel.fr\/maison-edition\/2019\/01\/20\/rencontres-colline-2-3\/","title":{"rendered":"EAUX FORTES. L&rsquo;IMAGINAIRE DU FLEUVE"},"content":{"rendered":"[vc_row][vc_column][vc_column_text]<strong><img loading=\"lazy\" decoding=\"async\" class=\"alignnone size-full wp-image-6003\" src=\"http:\/\/dev.editions-libel.fr\/2019\/wp-content\/uploads\/eaux-fortes-philippe-tardy-pierre-gras-exposition-l-oeil-ecoute-lyon.jpg\" alt=\"\" width=\"1500\" height=\"300\" srcset=\"https:\/\/www.editions-libel.fr\/maison-edition\/wp-content\/uploads\/eaux-fortes-philippe-tardy-pierre-gras-exposition-l-oeil-ecoute-lyon.jpg 1500w, https:\/\/www.editions-libel.fr\/maison-edition\/wp-content\/uploads\/eaux-fortes-philippe-tardy-pierre-gras-exposition-l-oeil-ecoute-lyon-300x60.jpg 300w, https:\/\/www.editions-libel.fr\/maison-edition\/wp-content\/uploads\/eaux-fortes-philippe-tardy-pierre-gras-exposition-l-oeil-ecoute-lyon-900x180.jpg 900w, https:\/\/www.editions-libel.fr\/maison-edition\/wp-content\/uploads\/eaux-fortes-philippe-tardy-pierre-gras-exposition-l-oeil-ecoute-lyon-150x30.jpg 150w, https:\/\/www.editions-libel.fr\/maison-edition\/wp-content\/uploads\/eaux-fortes-philippe-tardy-pierre-gras-exposition-l-oeil-ecoute-lyon-1024x205.jpg 1024w, https:\/\/www.editions-libel.fr\/maison-edition\/wp-content\/uploads\/eaux-fortes-philippe-tardy-pierre-gras-exposition-l-oeil-ecoute-lyon-325x65.jpg 325w\" sizes=\"auto, (max-width: 1500px) 100vw, 1500px\" \/><br \/>\nD\u00c9COUVREZ LES \u0152UVRES DE PHILIPPE TARDY \u00c0 LA GALERIE L&rsquo;\u0152IL \u00c9COUTE<br \/>\n<\/strong><\/p>\n<p>Jusqu&rsquo;au dimanche 3 f\u00e9vrier la galerie L&rsquo;\u0152il \u00c9coute expose les gravures de Philippe Tardy<\/p>\n<p class=\"font_9\">\u00c0 l&rsquo;occasion de la parution d&rsquo;<strong><em>Eaux fortes. L&rsquo;imaginaire du fleuve,<\/em><\/strong> la galerie de Mich\u00e8le Neyret et Jacques Piperno proposent de d\u00e9couvrir les gravures de Philippe Tardy\u00a0 sur les murs de leur galerie. Tout comme dans l&rsquo;ouvrage les \u0153uvres du graveur c\u00f4toient les textes po\u00e9tiques de Pierre Gras pour rendre hommage aux fleuves d&rsquo;ici et d&rsquo;ailleurs.<\/p>\n<p style=\"text-align: center;\"><strong><span style=\"text-decoration: underline;\">INFORMATIONS PRATIQUES :<br \/>\n<\/span><\/strong><strong>Du mercredi 9 janvier au dimanche 3 f\u00e9vrier<\/strong><br \/>\n<strong>Galerie L&rsquo;\u0152il \u00c9coute<\/strong><br \/>\n<span class=\"color_15\">3, quai Romain Rolland &#8211;\u00a0<\/span><span class=\"color_15\">6905 LYON<br \/>\nEntr\u00e9e libre\u00a0 <\/span><\/p>\n<p class=\"p1\"><span style=\"line-height: 1.5;\">Pour d\u00e9couvrir le livre, <\/span><strong style=\"line-height: 1.5;\"><a href=\"http:\/\/www.editions-libel.fr\/maison-edition\/boutique\/eaux-fortes-limaginaire-du-fleuve\/\">cliquer ici<\/a><\/strong><\/p>\n<p>\u00a0[\/vc_column_text][\/vc_column][\/vc_row]\n","protected":false},"excerpt":{"rendered":"<p>[vc_row][vc_column][vc_column_text] D\u00c9COUVREZ LES \u0152UVRES DE PHILIPPE TARDY \u00c0 LA GALERIE L&rsquo;\u0152IL \u00c9COUTE Jusqu&rsquo;au dimanche 3 f\u00e9vrier la galerie L&rsquo;\u0152il \u00c9coute expose les gravures de Philippe Tardy \u00c0 l&rsquo;occasion de la parution d&rsquo;Eaux fortes. L&rsquo;imaginaire du fleuve, la galerie de Mich\u00e8le Neyret et Jacques Piperno proposent de d\u00e9couvrir les gravures de Philippe Tardy\u00a0 sur les murs [&hellip;]<\/p>\n","protected":false},"author":2,"featured_media":4458,"comment_status":"closed","ping_status":"open","sticky":false,"template":"","format":"standard","meta":{"footnotes":""},"categories":[28,72],"tags":[],"class_list":["post-4456","post","type-post","status-publish","format-standard","has-post-thumbnail","hentry","category-actualites","category-exposition"],"_links":{"self":[{"href":"https:\/\/www.editions-libel.fr\/maison-edition\/wp-json\/wp\/v2\/posts\/4456","targetHints":{"allow":["GET"]}}],"collection":[{"href":"https:\/\/www.editions-libel.fr\/maison-edition\/wp-json\/wp\/v2\/posts"}],"about":[{"href":"https:\/\/www.editions-libel.fr\/maison-edition\/wp-json\/wp\/v2\/types\/post"}],"author":[{"embeddable":true,"href":"https:\/\/www.editions-libel.fr\/maison-edition\/wp-json\/wp\/v2\/users\/2"}],"replies":[{"embeddable":true,"href":"https:\/\/www.editions-libel.fr\/maison-edition\/wp-json\/wp\/v2\/comments?post=4456"}],"version-history":[{"count":8,"href":"https:\/\/www.editions-libel.fr\/maison-edition\/wp-json\/wp\/v2\/posts\/4456\/revisions"}],"predecessor-version":[{"id":6004,"href":"https:\/\/www.editions-libel.fr\/maison-edition\/wp-json\/wp\/v2\/posts\/4456\/revisions\/6004"}],"wp:featuredmedia":[{"embeddable":true,"href":"https:\/\/www.editions-libel.fr\/maison-edition\/wp-json\/wp\/v2\/media\/4458"}],"wp:attachment":[{"href":"https:\/\/www.editions-libel.fr\/maison-edition\/wp-json\/wp\/v2\/media?parent=4456"}],"wp:term":[{"taxonomy":"category","embeddable":true,"href":"https:\/\/www.editions-libel.fr\/maison-edition\/wp-json\/wp\/v2\/categories?post=4456"},{"taxonomy":"post_tag","embeddable":true,"href":"https:\/\/www.editions-libel.fr\/maison-edition\/wp-json\/wp\/v2\/tags?post=4456"}],"curies":[{"name":"wp","href":"https:\/\/api.w.org\/{rel}","templated":true}]}}