{"id":4444,"date":"2019-03-03T12:24:15","date_gmt":"2019-03-03T11:24:15","guid":{"rendered":"http:\/\/www.editions-libel.fr\/maison-edition\/?p=4444"},"modified":"2019-06-18T14:16:32","modified_gmt":"2019-06-18T13:16:32","slug":"rencontres-colline-3","status":"publish","type":"post","link":"https:\/\/www.editions-libel.fr\/maison-edition\/2019\/03\/03\/rencontres-colline-3\/","title":{"rendered":"LA COLLINE AUX CORBEAUX"},"content":{"rendered":"[vc_row][vc_column][vc_column_text]<strong> <img loading=\"lazy\" decoding=\"async\" class=\"alignnone size-full wp-image-5993\" src=\"http:\/\/dev.editions-libel.fr\/2019\/wp-content\/uploads\/la-colline-aux-corbeaux-heliane-bernard-alexandre-faure-rencontres.jpg\" alt=\"\" width=\"1500\" height=\"300\" srcset=\"https:\/\/www.editions-libel.fr\/maison-edition\/wp-content\/uploads\/la-colline-aux-corbeaux-heliane-bernard-alexandre-faure-rencontres.jpg 1500w, https:\/\/www.editions-libel.fr\/maison-edition\/wp-content\/uploads\/la-colline-aux-corbeaux-heliane-bernard-alexandre-faure-rencontres-300x60.jpg 300w, https:\/\/www.editions-libel.fr\/maison-edition\/wp-content\/uploads\/la-colline-aux-corbeaux-heliane-bernard-alexandre-faure-rencontres-900x180.jpg 900w, https:\/\/www.editions-libel.fr\/maison-edition\/wp-content\/uploads\/la-colline-aux-corbeaux-heliane-bernard-alexandre-faure-rencontres-150x30.jpg 150w, https:\/\/www.editions-libel.fr\/maison-edition\/wp-content\/uploads\/la-colline-aux-corbeaux-heliane-bernard-alexandre-faure-rencontres-1024x205.jpg 1024w, https:\/\/www.editions-libel.fr\/maison-edition\/wp-content\/uploads\/la-colline-aux-corbeaux-heliane-bernard-alexandre-faure-rencontres-325x65.jpg 325w\" sizes=\"auto, (max-width: 1500px) 100vw, 1500px\" \/><\/strong><strong>L&rsquo; AVENTURE DE L&rsquo;IMPRIMERIE ET DU LIVRE AU XVIe SI\u00c8CLE<\/strong><\/p>\n<p>Les auteurs du roman <em><strong>La Colline aux corbeaux<\/strong><\/em>, Heliane Bernard et Christian-Alexandre Faure, se rendent en librairies toute l&rsquo;ann\u00e9e pour une conf\u00e9rence sur l&rsquo;histoire du livre suivie de d\u00e9dicaces.<\/p>\n<p><span class=\"Titre\"><span class=\"TexteLegende\"><br \/>\n<\/span><\/span><span class=\"Titre\"><span class=\"TexteLegende\"><span class=\"collapseomatic \" id=\"id69f28ecf6b205\"  tabindex=\"0\" title=\"Lire la suite\"    >Lire la suite<\/span><div id=\"target-id69f28ecf6b205\" class=\"collapseomatic_content \"><\/span><\/span><span class=\"color_15\"><br \/>\n<\/span><\/p>\n<p><em><strong>DATES \u00c0 VENIR &gt;<\/strong><\/em><\/p>\n<p><strong>Vienn\u2019Art<\/strong>, Vienne (38), le jeudi 28 mars 2019 \u00e0 19h<br \/>\n<strong>Le Moulin de la Tourne<\/strong>, Les Marches (73), le samedi 18 mai 2019 \u00e0 17h30<br \/>\n<span style=\"font-size: 0.9rem;\"><strong>Chapelle Saint-Jean<\/strong>, La Garde Freinet (83), le samedi 14 juin 2019 \u00e0 19h<br \/>\n<\/span><strong>M\u00e9diath\u00e8que de Sainte-Maxime<\/strong>, Sainte-Maxime (83), le vendredi 8 novembre 2019 \u00e0 18h<br \/>\n<strong>Festival du livre de Colmar, Colmar<\/strong> (68), les 24 et 25 novembre 2018<\/p>\n<p><em><strong>&lt; DATES PASS\u00c9ES<\/strong><\/em><\/p>\n<p><strong>Librairie Michel Descours<\/strong>, Lyon (69), le samedi 10 novembre 2018 \u00e0 16h<br \/>\n<strong>Triplettes Social Club<\/strong>, Amb\u00e9rieu-en-Bugey (01), le jeudi 8 novembre 2018 \u00e0 18h<br \/>\n<strong>Festival du livre de Colmar<\/strong>, Colmar (68), les 24 et 25 novembre 2018<br \/>\n<strong>Librairie de Cogolin<\/strong>, Cogolon (83), le samedi 1er d\u00e9cembre 2018 \u00e0 17h<br \/>\n<strong>M\u00e9diath\u00e8que de Cavalaire<\/strong>, Cavalaire (83), le vendredi 14 d\u00e9cembre 2018 \u00e0 18h<br \/>\n<strong>Biblioth\u00e8que du 2e arrondissement<\/strong>, Lyon (69), le samedi 26 janvier 2019 \u00e0 16h<br \/>\n<strong>Mus\u00e9e d\u2019Art et d\u2019Histoire<\/strong>, Bormes-les-Mimosas (83), le samedi 23 f\u00e9vrier 2019 \u00e0 15h<br \/>\n<strong>Intermarch\u00e9<\/strong>, Bormes-les-Mimosas (83), le samedi 23 f\u00e9vrier 2019 \u00e0 9h<br \/>\n<strong>Librairie Colophon<\/strong>, Grignan (26), le samedi 9 mars 2019 \u00e0 18h30<\/p>\n<p class=\"p1\"><span style=\"line-height: 1.5;\">Pour d\u00e9couvrir le livre, <\/span><strong style=\"line-height: 1.5;\"><a href=\"http:\/\/www.editions-libel.fr\/maison-edition\/boutique\/la-colline-aux-corbeaux\/\">cliquer ici<\/a><\/strong><\/p>\n<p><span style=\"line-height: 1.5;\"><br \/>\n<\/div><\/span>[\/vc_column_text][\/vc_column][\/vc_row]\n","protected":false},"excerpt":{"rendered":"<p>[vc_row][vc_column][vc_column_text] L&rsquo; AVENTURE DE L&rsquo;IMPRIMERIE ET DU LIVRE AU XVIe SI\u00c8CLE Les auteurs du roman La Colline aux corbeaux, Heliane Bernard et Christian-Alexandre Faure, se rendent en librairies toute l&rsquo;ann\u00e9e pour une conf\u00e9rence sur l&rsquo;histoire du livre suivie de d\u00e9dicaces. [\/vc_column_text][\/vc_column][\/vc_row]<\/p>\n","protected":false},"author":2,"featured_media":4445,"comment_status":"closed","ping_status":"open","sticky":false,"template":"","format":"standard","meta":{"footnotes":""},"categories":[28,73,64],"tags":[],"class_list":["post-4444","post","type-post","status-publish","format-standard","has-post-thumbnail","hentry","category-actualites","category-conference","category-rencontre"],"_links":{"self":[{"href":"https:\/\/www.editions-libel.fr\/maison-edition\/wp-json\/wp\/v2\/posts\/4444","targetHints":{"allow":["GET"]}}],"collection":[{"href":"https:\/\/www.editions-libel.fr\/maison-edition\/wp-json\/wp\/v2\/posts"}],"about":[{"href":"https:\/\/www.editions-libel.fr\/maison-edition\/wp-json\/wp\/v2\/types\/post"}],"author":[{"embeddable":true,"href":"https:\/\/www.editions-libel.fr\/maison-edition\/wp-json\/wp\/v2\/users\/2"}],"replies":[{"embeddable":true,"href":"https:\/\/www.editions-libel.fr\/maison-edition\/wp-json\/wp\/v2\/comments?post=4444"}],"version-history":[{"count":16,"href":"https:\/\/www.editions-libel.fr\/maison-edition\/wp-json\/wp\/v2\/posts\/4444\/revisions"}],"predecessor-version":[{"id":5994,"href":"https:\/\/www.editions-libel.fr\/maison-edition\/wp-json\/wp\/v2\/posts\/4444\/revisions\/5994"}],"wp:featuredmedia":[{"embeddable":true,"href":"https:\/\/www.editions-libel.fr\/maison-edition\/wp-json\/wp\/v2\/media\/4445"}],"wp:attachment":[{"href":"https:\/\/www.editions-libel.fr\/maison-edition\/wp-json\/wp\/v2\/media?parent=4444"}],"wp:term":[{"taxonomy":"category","embeddable":true,"href":"https:\/\/www.editions-libel.fr\/maison-edition\/wp-json\/wp\/v2\/categories?post=4444"},{"taxonomy":"post_tag","embeddable":true,"href":"https:\/\/www.editions-libel.fr\/maison-edition\/wp-json\/wp\/v2\/tags?post=4444"}],"curies":[{"name":"wp","href":"https:\/\/api.w.org\/{rel}","templated":true}]}}