{"id":4223,"date":"2018-10-31T10:54:43","date_gmt":"2018-10-31T09:54:43","guid":{"rendered":"http:\/\/www.editions-libel.fr\/maison-edition\/?p=4223"},"modified":"2019-06-18T14:38:42","modified_gmt":"2019-06-18T13:38:42","slug":"rencontres-colline-2-2","status":"publish","type":"post","link":"https:\/\/www.editions-libel.fr\/maison-edition\/2018\/10\/31\/rencontres-colline-2-2\/","title":{"rendered":"HISTOIRE(S) DE LA GASTRONOMIE LYONNAISE"},"content":{"rendered":"[vc_row][vc_column][vc_column_text]<strong><img loading=\"lazy\" decoding=\"async\" class=\"alignnone size-full wp-image-6005\" src=\"http:\/\/dev.editions-libel.fr\/2019\/wp-content\/uploads\/histoire-de-la-gastronomie-lyonnaise-yves-rouche-conference-archives-lyon.jpg\" alt=\"\" width=\"1500\" height=\"300\" srcset=\"https:\/\/www.editions-libel.fr\/maison-edition\/wp-content\/uploads\/histoire-de-la-gastronomie-lyonnaise-yves-rouche-conference-archives-lyon.jpg 1500w, https:\/\/www.editions-libel.fr\/maison-edition\/wp-content\/uploads\/histoire-de-la-gastronomie-lyonnaise-yves-rouche-conference-archives-lyon-300x60.jpg 300w, https:\/\/www.editions-libel.fr\/maison-edition\/wp-content\/uploads\/histoire-de-la-gastronomie-lyonnaise-yves-rouche-conference-archives-lyon-900x180.jpg 900w, https:\/\/www.editions-libel.fr\/maison-edition\/wp-content\/uploads\/histoire-de-la-gastronomie-lyonnaise-yves-rouche-conference-archives-lyon-150x30.jpg 150w, https:\/\/www.editions-libel.fr\/maison-edition\/wp-content\/uploads\/histoire-de-la-gastronomie-lyonnaise-yves-rouche-conference-archives-lyon-1024x205.jpg 1024w, https:\/\/www.editions-libel.fr\/maison-edition\/wp-content\/uploads\/histoire-de-la-gastronomie-lyonnaise-yves-rouche-conference-archives-lyon-325x65.jpg 325w\" sizes=\"auto, (max-width: 1500px) 100vw, 1500px\" \/>RENCONTRE AVEC YVES ROU\u00c8CHE<\/strong><\/p>\n<p>Les Archives municipales de Lyon accueillent Yves Rou\u00e8che pour une conf\u00e9rence autour du livre <b><i>Histoire(s) de la gastronomie lyonnaise.\u00a0<\/i><\/b><\/p>\n<p class=\"font_9\"><span class=\"s1\">Yves Rou\u00e8che, journaliste culinaire, revisite l\u2019histoire de la cuisine et de la gastronomie lyonnaise au travers de celle de la ville, de son terroir, de ses lieux gourmands, de ses tables mythiques, de ses sp\u00e9cialit\u00e9s historiques, ainsi que celle de tous les personnages embl\u00e9matiques qui ont marqu\u00e9 l\u2019histoire de la gastronomie lyonnaise, jusqu\u2019au XXI<sup>e<\/sup> si\u00e8cle.<\/span><span class=\"s1\">\u00a0Une histoire \u00e0 (re)d\u00e9couvrir aux Archives municipales de Lyon le temps d&rsquo;une conf\u00e9rence suivie d&rsquo;une signature du livre.\u00a0<\/span><\/p>\n<p style=\"text-align: center;\"><strong><span style=\"text-decoration: underline;\">INFORMATIONS PRATIQUES :<br \/>\n<\/span><\/strong><strong>Mercredi 14 novembre 2018 &#8211; 18h30<\/strong><br \/>\naux\u00a0<strong>Archives municipales de Lyon<\/strong><br \/>\n<span class=\"color_15\">1, place des Archives \u00a0&#8211;\u00a0<\/span><span class=\"color_15\">69002 LYON<br \/>\nEntr\u00e9e libre<\/span><\/p>\n<p class=\"p1\"><span style=\"line-height: 1.5;\">Pour d\u00e9couvrir le livre, <\/span><strong style=\"line-height: 1.5;\"><a href=\"http:\/\/www.editions-libel.fr\/maison-edition\/boutique\/histoires-de-la-gastronomie-lyonnaise\/\">cliquer ici<\/a><\/strong><\/p>\n<p>\u00a0[\/vc_column_text][\/vc_column][\/vc_row]\n","protected":false},"excerpt":{"rendered":"<p>[vc_row][vc_column][vc_column_text]RENCONTRE AVEC YVES ROU\u00c8CHE Les Archives municipales de Lyon accueillent Yves Rou\u00e8che pour une conf\u00e9rence autour du livre Histoire(s) de la gastronomie lyonnaise.\u00a0 Yves Rou\u00e8che, journaliste culinaire, revisite l\u2019histoire de la cuisine et de la gastronomie lyonnaise au travers de celle de la ville, de son terroir, de ses lieux gourmands, de ses tables mythiques, [&hellip;]<\/p>\n","protected":false},"author":2,"featured_media":4219,"comment_status":"closed","ping_status":"open","sticky":false,"template":"","format":"standard","meta":{"footnotes":""},"categories":[28,73],"tags":[],"class_list":["post-4223","post","type-post","status-publish","format-standard","has-post-thumbnail","hentry","category-actualites","category-conference"],"_links":{"self":[{"href":"https:\/\/www.editions-libel.fr\/maison-edition\/wp-json\/wp\/v2\/posts\/4223","targetHints":{"allow":["GET"]}}],"collection":[{"href":"https:\/\/www.editions-libel.fr\/maison-edition\/wp-json\/wp\/v2\/posts"}],"about":[{"href":"https:\/\/www.editions-libel.fr\/maison-edition\/wp-json\/wp\/v2\/types\/post"}],"author":[{"embeddable":true,"href":"https:\/\/www.editions-libel.fr\/maison-edition\/wp-json\/wp\/v2\/users\/2"}],"replies":[{"embeddable":true,"href":"https:\/\/www.editions-libel.fr\/maison-edition\/wp-json\/wp\/v2\/comments?post=4223"}],"version-history":[{"count":6,"href":"https:\/\/www.editions-libel.fr\/maison-edition\/wp-json\/wp\/v2\/posts\/4223\/revisions"}],"predecessor-version":[{"id":6010,"href":"https:\/\/www.editions-libel.fr\/maison-edition\/wp-json\/wp\/v2\/posts\/4223\/revisions\/6010"}],"wp:featuredmedia":[{"embeddable":true,"href":"https:\/\/www.editions-libel.fr\/maison-edition\/wp-json\/wp\/v2\/media\/4219"}],"wp:attachment":[{"href":"https:\/\/www.editions-libel.fr\/maison-edition\/wp-json\/wp\/v2\/media?parent=4223"}],"wp:term":[{"taxonomy":"category","embeddable":true,"href":"https:\/\/www.editions-libel.fr\/maison-edition\/wp-json\/wp\/v2\/categories?post=4223"},{"taxonomy":"post_tag","embeddable":true,"href":"https:\/\/www.editions-libel.fr\/maison-edition\/wp-json\/wp\/v2\/tags?post=4223"}],"curies":[{"name":"wp","href":"https:\/\/api.w.org\/{rel}","templated":true}]}}