{"id":3216,"date":"2017-09-29T09:06:31","date_gmt":"2017-09-29T08:06:31","guid":{"rendered":"http:\/\/www.editions-libel.fr\/maison-edition\/?p=3216"},"modified":"2019-06-18T15:13:33","modified_gmt":"2019-06-18T14:13:33","slug":"fontaine-en-montagne","status":"publish","type":"post","link":"https:\/\/www.editions-libel.fr\/maison-edition\/2017\/09\/29\/fontaine-en-montagne\/","title":{"rendered":"LA ROUTE DU SEL"},"content":{"rendered":"[vc_row][vc_column][vc_column_text]<b><img loading=\"lazy\" decoding=\"async\" class=\"alignnone size-full wp-image-6022\" src=\"http:\/\/dev.editions-libel.fr\/2019\/wp-content\/uploads\/la-route-du-sel-vanoise-rencontre-fontaine-france-harvois-pierre-witt.jpg\" alt=\"\" width=\"1500\" height=\"300\" srcset=\"https:\/\/www.editions-libel.fr\/maison-edition\/wp-content\/uploads\/la-route-du-sel-vanoise-rencontre-fontaine-france-harvois-pierre-witt.jpg 1500w, https:\/\/www.editions-libel.fr\/maison-edition\/wp-content\/uploads\/la-route-du-sel-vanoise-rencontre-fontaine-france-harvois-pierre-witt-300x60.jpg 300w, https:\/\/www.editions-libel.fr\/maison-edition\/wp-content\/uploads\/la-route-du-sel-vanoise-rencontre-fontaine-france-harvois-pierre-witt-900x180.jpg 900w, https:\/\/www.editions-libel.fr\/maison-edition\/wp-content\/uploads\/la-route-du-sel-vanoise-rencontre-fontaine-france-harvois-pierre-witt-150x30.jpg 150w, https:\/\/www.editions-libel.fr\/maison-edition\/wp-content\/uploads\/la-route-du-sel-vanoise-rencontre-fontaine-france-harvois-pierre-witt-1024x205.jpg 1024w, https:\/\/www.editions-libel.fr\/maison-edition\/wp-content\/uploads\/la-route-du-sel-vanoise-rencontre-fontaine-france-harvois-pierre-witt-325x65.jpg 325w\" sizes=\"auto, (max-width: 1500px) 100vw, 1500px\" \/>FONTAINE EN MONTAGNE<br \/>\n<\/b><\/p>\n<p><span class=\"Titre\"><span class=\"TexteLegende\">Retrouvez France Harvois, auteure de\u00a0 <em><strong>La Route du sel<\/strong><\/em> et <em><strong>Le Beaufort <\/strong><\/em>le jeudi 12 octobre\u00a0 \u00e0 la m\u00e9diath\u00e8que de Paul \u00c9luard \u00e0 Fontaine \u00e0 l&rsquo;occasion du festival Fontaine en montagne.\u00a0<\/span><\/span><\/p>\n<p>La nouvelle \u00e9dition de<strong> Fontaine en montagne <\/strong>souhaite mettre en valeur toutes les facettes du milieu montagnard. Expositions, d\u00e9bats, concert, rencontres emm\u00e8neront les visiteurs tour \u00e0 tour dans une montagne gourmande, sportive, \u00e9conomique ou festive. Les livres des \u00e9ditions Libel trouveront naturellement leur place dans cet hommage \u00e0 la montagne.<strong><br \/>\n<\/strong><\/p>\n<p><strong>JEUDI 12 OCTOBRE 2017 &#8211; 18H30<br \/>\n<\/strong><b><u>M\u00e9diath\u00e8que Paul \u00c9luard <\/u><\/b>31, avenue du Vercors &#8211; 38600 Fontaine<br \/>\n04 76 26 31 35<\/p>\n[\/vc_column_text][\/vc_column][\/vc_row]\n","protected":false},"excerpt":{"rendered":"<p>[vc_row][vc_column][vc_column_text]FONTAINE EN MONTAGNE Retrouvez France Harvois, auteure de\u00a0 La Route du sel et Le Beaufort le jeudi 12 octobre\u00a0 \u00e0 la m\u00e9diath\u00e8que de Paul \u00c9luard \u00e0 Fontaine \u00e0 l&rsquo;occasion du festival Fontaine en montagne.\u00a0 La nouvelle \u00e9dition de Fontaine en montagne souhaite mettre en valeur toutes les facettes du milieu montagnard. Expositions, d\u00e9bats, concert, rencontres [&hellip;]<\/p>\n","protected":false},"author":2,"featured_media":3218,"comment_status":"closed","ping_status":"open","sticky":false,"template":"","format":"standard","meta":{"footnotes":""},"categories":[28,64],"tags":[],"class_list":["post-3216","post","type-post","status-publish","format-standard","has-post-thumbnail","hentry","category-actualites","category-rencontre"],"_links":{"self":[{"href":"https:\/\/www.editions-libel.fr\/maison-edition\/wp-json\/wp\/v2\/posts\/3216","targetHints":{"allow":["GET"]}}],"collection":[{"href":"https:\/\/www.editions-libel.fr\/maison-edition\/wp-json\/wp\/v2\/posts"}],"about":[{"href":"https:\/\/www.editions-libel.fr\/maison-edition\/wp-json\/wp\/v2\/types\/post"}],"author":[{"embeddable":true,"href":"https:\/\/www.editions-libel.fr\/maison-edition\/wp-json\/wp\/v2\/users\/2"}],"replies":[{"embeddable":true,"href":"https:\/\/www.editions-libel.fr\/maison-edition\/wp-json\/wp\/v2\/comments?post=3216"}],"version-history":[{"count":6,"href":"https:\/\/www.editions-libel.fr\/maison-edition\/wp-json\/wp\/v2\/posts\/3216\/revisions"}],"predecessor-version":[{"id":6023,"href":"https:\/\/www.editions-libel.fr\/maison-edition\/wp-json\/wp\/v2\/posts\/3216\/revisions\/6023"}],"wp:featuredmedia":[{"embeddable":true,"href":"https:\/\/www.editions-libel.fr\/maison-edition\/wp-json\/wp\/v2\/media\/3218"}],"wp:attachment":[{"href":"https:\/\/www.editions-libel.fr\/maison-edition\/wp-json\/wp\/v2\/media?parent=3216"}],"wp:term":[{"taxonomy":"category","embeddable":true,"href":"https:\/\/www.editions-libel.fr\/maison-edition\/wp-json\/wp\/v2\/categories?post=3216"},{"taxonomy":"post_tag","embeddable":true,"href":"https:\/\/www.editions-libel.fr\/maison-edition\/wp-json\/wp\/v2\/tags?post=3216"}],"curies":[{"name":"wp","href":"https:\/\/api.w.org\/{rel}","templated":true}]}}