{"id":2015,"date":"2016-04-25T13:24:55","date_gmt":"2016-04-25T12:24:55","guid":{"rendered":"http:\/\/www.editions-libel.fr\/2016\/?p=2015"},"modified":"2019-07-03T10:20:49","modified_gmt":"2019-07-03T09:20:49","slug":"lyon-vallee-de-la-chimie-traversee-dun-paysage-industriel-4","status":"publish","type":"post","link":"https:\/\/www.editions-libel.fr\/maison-edition\/2016\/04\/25\/lyon-vallee-de-la-chimie-traversee-dun-paysage-industriel-4\/","title":{"rendered":"LYON, VALL\u00c9E DE LA CHIMIE"},"content":{"rendered":"[vc_row][vc_column][vc_column_text]<b>LYON, VALL\u00c9E DE LA CHIMIE. TRAVERS\u00c9E D&rsquo;UN PAYSAGE INDUSTRIEL<br \/>\n<\/b><\/p>\n<p>&nbsp;<\/p>\n<p>\u00c0 l&rsquo;occasion de ses rencontres professionnelles, l&rsquo;Agence d&rsquo;Urbanisme de l&rsquo;A<span class=\"Titre\"><span class=\"TexteLegende\"><span class=\"Texte\">ire m\u00e9tropolitaine LYONnaise re\u00e7oit L\u00e9a Marchand , Fran\u00e7ois Duch\u00eane et David Desaleux.<br \/>\n<\/span><\/span><\/span><span class=\"Titre\"><span class=\"TexteLegende\"><br \/>\n<\/span><\/span><span class=\"Titre\"><span class=\"TexteLegende\"><span class=\"Texte\">Les trois auteurs pr\u00e9senteront leur enqu\u00eate in\u00e9dite et originale sur ce territoire embl\u00e9matique de l&rsquo;agglom\u00e9ration et \u00e9changeront avec des acteurs de la Vall\u00e9e de la Chimie.<\/span><\/span><\/span><\/p>\n<p><strong>LUNDI 25 AVRIL 2016 &#8211; 17H00<br \/>\n<span style=\"text-decoration: underline;\"><a href=\"http:\/\/www.urbalyon.org\/site\/Accueil\" target=\"_blank\" rel=\"noopener noreferrer\" class=\"broken_link\">Urba Lyon<\/a><\/span><\/strong> Tour Part-Dieu &#8211; 129, rue Servient &#8211; 69003 Lyon<br \/>\n04 81 92 33 00<\/p>\n<p><span class=\"Titre\"><span class=\"TexteLegende\"><span class=\"collapseomatic \" id=\"id69f248898a72b\"  tabindex=\"0\" title=\"Lire la suite\"    >Lire la suite<\/span><div id=\"target-id69f248898a72b\" class=\"collapseomatic_content \"><\/span><\/span><\/p>\n<p><a href=\"http:\/\/wpwoocom2.editions-libel.fr\/wp-content\/uploads\/2016\/04\/Echange_2016_04_25_Vallee_chimie.pdf\" target=\"_blank\" rel=\"noopener noreferrer\"><img loading=\"lazy\" decoding=\"async\" class=\"alignnone size-full wp-image-1814\" src=\"http:\/\/wpwoocom2.editions-libel.fr\/wp-content\/uploads\/2016\/04\/Echange_2016_04_25_Vallee_chimie.jpg\" alt=\"Invitations-communiqu\u008es A4.indd\" width=\"400\" height=\"568\" \/><\/a><\/p>\n<\/div>[\/vc_column_text][\/vc_column][\/vc_row]\n","protected":false},"excerpt":{"rendered":"<p>[vc_row][vc_column][vc_column_text]LYON, VALL\u00c9E DE LA CHIMIE. TRAVERS\u00c9E D&rsquo;UN PAYSAGE INDUSTRIEL &nbsp; \u00c0 l&rsquo;occasion de ses rencontres professionnelles, l&rsquo;Agence d&rsquo;Urbanisme de l&rsquo;Aire m\u00e9tropolitaine LYONnaise re\u00e7oit L\u00e9a Marchand , Fran\u00e7ois Duch\u00eane et David Desaleux. Les trois auteurs pr\u00e9senteront leur enqu\u00eate in\u00e9dite et originale sur ce territoire embl\u00e9matique de l&rsquo;agglom\u00e9ration et \u00e9changeront avec des acteurs de la Vall\u00e9e de [&hellip;]<\/p>\n","protected":false},"author":1,"featured_media":4876,"comment_status":"closed","ping_status":"open","sticky":false,"template":"","format":"standard","meta":{"footnotes":""},"categories":[28,64],"tags":[],"class_list":["post-2015","post","type-post","status-publish","format-standard","has-post-thumbnail","hentry","category-actualites","category-rencontre"],"_links":{"self":[{"href":"https:\/\/www.editions-libel.fr\/maison-edition\/wp-json\/wp\/v2\/posts\/2015","targetHints":{"allow":["GET"]}}],"collection":[{"href":"https:\/\/www.editions-libel.fr\/maison-edition\/wp-json\/wp\/v2\/posts"}],"about":[{"href":"https:\/\/www.editions-libel.fr\/maison-edition\/wp-json\/wp\/v2\/types\/post"}],"author":[{"embeddable":true,"href":"https:\/\/www.editions-libel.fr\/maison-edition\/wp-json\/wp\/v2\/users\/1"}],"replies":[{"embeddable":true,"href":"https:\/\/www.editions-libel.fr\/maison-edition\/wp-json\/wp\/v2\/comments?post=2015"}],"version-history":[{"count":7,"href":"https:\/\/www.editions-libel.fr\/maison-edition\/wp-json\/wp\/v2\/posts\/2015\/revisions"}],"predecessor-version":[{"id":6048,"href":"https:\/\/www.editions-libel.fr\/maison-edition\/wp-json\/wp\/v2\/posts\/2015\/revisions\/6048"}],"wp:featuredmedia":[{"embeddable":true,"href":"https:\/\/www.editions-libel.fr\/maison-edition\/wp-json\/wp\/v2\/media\/4876"}],"wp:attachment":[{"href":"https:\/\/www.editions-libel.fr\/maison-edition\/wp-json\/wp\/v2\/media?parent=2015"}],"wp:term":[{"taxonomy":"category","embeddable":true,"href":"https:\/\/www.editions-libel.fr\/maison-edition\/wp-json\/wp\/v2\/categories?post=2015"},{"taxonomy":"post_tag","embeddable":true,"href":"https:\/\/www.editions-libel.fr\/maison-edition\/wp-json\/wp\/v2\/tags?post=2015"}],"curies":[{"name":"wp","href":"https:\/\/api.w.org\/{rel}","templated":true}]}}