{"id":2013,"date":"2016-05-03T13:23:59","date_gmt":"2016-05-03T12:23:59","guid":{"rendered":"http:\/\/www.editions-libel.fr\/2016\/?p=2013"},"modified":"2019-07-03T10:20:20","modified_gmt":"2019-07-03T09:20:20","slug":"pour-saluer-le-rhone","status":"publish","type":"post","link":"https:\/\/www.editions-libel.fr\/maison-edition\/2016\/05\/03\/pour-saluer-le-rhone\/","title":{"rendered":"POUR SALUER LE RH\u00d4NE"},"content":{"rendered":"[vc_row][vc_column][vc_column_text]<b><img loading=\"lazy\" decoding=\"async\" class=\"alignnone size-full wp-image-6046\" src=\"http:\/\/dev.editions-libel.fr\/2019\/wp-content\/uploads\/pour-saluer-le-rhone-rencontre-bethemond-bravard.jpg\" alt=\"\" width=\"1500\" height=\"300\" srcset=\"https:\/\/www.editions-libel.fr\/maison-edition\/wp-content\/uploads\/pour-saluer-le-rhone-rencontre-bethemond-bravard.jpg 1500w, https:\/\/www.editions-libel.fr\/maison-edition\/wp-content\/uploads\/pour-saluer-le-rhone-rencontre-bethemond-bravard-300x60.jpg 300w, https:\/\/www.editions-libel.fr\/maison-edition\/wp-content\/uploads\/pour-saluer-le-rhone-rencontre-bethemond-bravard-900x180.jpg 900w, https:\/\/www.editions-libel.fr\/maison-edition\/wp-content\/uploads\/pour-saluer-le-rhone-rencontre-bethemond-bravard-150x30.jpg 150w, https:\/\/www.editions-libel.fr\/maison-edition\/wp-content\/uploads\/pour-saluer-le-rhone-rencontre-bethemond-bravard-1024x205.jpg 1024w, https:\/\/www.editions-libel.fr\/maison-edition\/wp-content\/uploads\/pour-saluer-le-rhone-rencontre-bethemond-bravard-325x65.jpg 325w\" sizes=\"auto, (max-width: 1500px) 100vw, 1500px\" \/>POUR SALUER LE RH\u00d4NE<br \/>\n<\/b><\/p>\n<p>Jacques Bethemont et Jean-Paul Bravard seront le mardi 3 mai 2016 \u00e0 partir de 18h30 chez Archipel Librairie pour pr\u00e9senter leur ouvrage.<span class=\"Titre\"><span class=\"TexteLegende\"><span class=\"Texte\"><br \/>\n<\/span><\/span><\/span><span class=\"Titre\"><span class=\"TexteLegende\"><br \/>\n<\/span><\/span><strong>Pour saluer le Rh\u00f4ne. <\/strong>G\u00e9ographes, sp\u00e9cialistes des fleuves en g\u00e9n\u00e9ral et du Rh\u00f4ne en particulier, <strong>Jacques Bethemont<\/strong> et <strong>Jean-Paul Bravard<\/strong> proposent un \u00e9tat des lieux culturel et scientifique du Rh\u00f4ne. R\u00e9unissant leurs connaissances sur ce fleuve \u00e9tudi\u00e9 dans son entier, ils livrent un bel hommage \u00e0 la diversit\u00e9 et \u00e0 l&rsquo;originalit\u00e9 de cours d&rsquo;eau.<span class=\"lang lang-fr\" lang=\"fr\"><br \/>\n<\/span><\/p>\n<p><strong>MARDI 3 MAI 2016 &#8211; 18h30<br \/>\n<span style=\"text-decoration: underline;\"><a href=\"http:\/\/boutique.archipel-librairie.fr\/\" target=\"_blank\" rel=\"noopener noreferrer\" class=\"broken_link\">Archipel Librairie<\/a><\/span><\/strong> 21, place des Terreaux &#8211; 69001 Lyon<br \/>\n04 78 69 93 92<\/p>\n<p><span class=\"Titre\"><span class=\"TexteLegende\"><span class=\"collapseomatic \" id=\"id69f16bda0c328\"  tabindex=\"0\" title=\"Lire la suite\"    >Lire la suite<\/span><div id=\"target-id69f16bda0c328\" class=\"collapseomatic_content \"><\/span><\/span><\/p>\n<p><a href=\"http:\/\/wpwoocom2.editions-libel.fr\/wp-content\/uploads\/2016\/04\/signature-RHONE.pdf\" target=\"_blank\" rel=\"noopener noreferrer\"><img loading=\"lazy\" decoding=\"async\" class=\"alignnone size-full wp-image-1810\" src=\"http:\/\/wpwoocom2.editions-libel.fr\/wp-content\/uploads\/2016\/04\/signature-RHONE-BD.jpg\" alt=\"Mise en page 1\" width=\"425\" height=\"328\" \/><\/a><\/p>\n<\/div>[\/vc_column_text][\/vc_column][\/vc_row]\n","protected":false},"excerpt":{"rendered":"<p>[vc_row][vc_column][vc_column_text]POUR SALUER LE RH\u00d4NE Jacques Bethemont et Jean-Paul Bravard seront le mardi 3 mai 2016 \u00e0 partir de 18h30 chez Archipel Librairie pour pr\u00e9senter leur ouvrage. Pour saluer le Rh\u00f4ne. G\u00e9ographes, sp\u00e9cialistes des fleuves en g\u00e9n\u00e9ral et du Rh\u00f4ne en particulier, Jacques Bethemont et Jean-Paul Bravard proposent un \u00e9tat des lieux culturel et scientifique du [&hellip;]<\/p>\n","protected":false},"author":1,"featured_media":4873,"comment_status":"closed","ping_status":"open","sticky":false,"template":"","format":"standard","meta":{"footnotes":""},"categories":[28,64],"tags":[],"class_list":["post-2013","post","type-post","status-publish","format-standard","has-post-thumbnail","hentry","category-actualites","category-rencontre"],"_links":{"self":[{"href":"https:\/\/www.editions-libel.fr\/maison-edition\/wp-json\/wp\/v2\/posts\/2013","targetHints":{"allow":["GET"]}}],"collection":[{"href":"https:\/\/www.editions-libel.fr\/maison-edition\/wp-json\/wp\/v2\/posts"}],"about":[{"href":"https:\/\/www.editions-libel.fr\/maison-edition\/wp-json\/wp\/v2\/types\/post"}],"author":[{"embeddable":true,"href":"https:\/\/www.editions-libel.fr\/maison-edition\/wp-json\/wp\/v2\/users\/1"}],"replies":[{"embeddable":true,"href":"https:\/\/www.editions-libel.fr\/maison-edition\/wp-json\/wp\/v2\/comments?post=2013"}],"version-history":[{"count":4,"href":"https:\/\/www.editions-libel.fr\/maison-edition\/wp-json\/wp\/v2\/posts\/2013\/revisions"}],"predecessor-version":[{"id":6050,"href":"https:\/\/www.editions-libel.fr\/maison-edition\/wp-json\/wp\/v2\/posts\/2013\/revisions\/6050"}],"wp:featuredmedia":[{"embeddable":true,"href":"https:\/\/www.editions-libel.fr\/maison-edition\/wp-json\/wp\/v2\/media\/4873"}],"wp:attachment":[{"href":"https:\/\/www.editions-libel.fr\/maison-edition\/wp-json\/wp\/v2\/media?parent=2013"}],"wp:term":[{"taxonomy":"category","embeddable":true,"href":"https:\/\/www.editions-libel.fr\/maison-edition\/wp-json\/wp\/v2\/categories?post=2013"},{"taxonomy":"post_tag","embeddable":true,"href":"https:\/\/www.editions-libel.fr\/maison-edition\/wp-json\/wp\/v2\/tags?post=2013"}],"curies":[{"name":"wp","href":"https:\/\/api.w.org\/{rel}","templated":true}]}}