{"id":1937,"date":"2015-12-08T07:58:44","date_gmt":"2015-12-08T06:58:44","guid":{"rendered":"http:\/\/www.editions-libel.fr\/2016\/?p=1937"},"modified":"2019-12-30T14:21:29","modified_gmt":"2019-12-30T13:21:29","slug":"sacre-beton-fabrique-et-legende-dun-materiau-du-futur","status":"publish","type":"post","link":"https:\/\/www.editions-libel.fr\/maison-edition\/2015\/12\/08\/sacre-beton-fabrique-et-legende-dun-materiau-du-futur\/","title":{"rendered":"SACR\u00c9 B\u00c9TON ! FABRIQUE ET L\u00c9GENDE D&rsquo;UN MAT\u00c9RIAU DU FUTUR"},"content":{"rendered":"[vc_row][vc_column][vc_column_text el_class=\u00a0\u00bbfor_border_bottom\u00a0\u00bb]<strong><img loading=\"lazy\" decoding=\"async\" class=\"alignnone size-full wp-image-5761\" src=\"http:\/\/dev.editions-libel.fr\/2019\/wp-content\/uploads\/livre-architecture-histoire-beton-construction-batiment-PRESSE-2.jpg\" alt=\"\" width=\"1500\" height=\"300\" srcset=\"https:\/\/www.editions-libel.fr\/maison-edition\/wp-content\/uploads\/livre-architecture-histoire-beton-construction-batiment-PRESSE-2.jpg 1500w, https:\/\/www.editions-libel.fr\/maison-edition\/wp-content\/uploads\/livre-architecture-histoire-beton-construction-batiment-PRESSE-2-300x60.jpg 300w, https:\/\/www.editions-libel.fr\/maison-edition\/wp-content\/uploads\/livre-architecture-histoire-beton-construction-batiment-PRESSE-2-900x180.jpg 900w, https:\/\/www.editions-libel.fr\/maison-edition\/wp-content\/uploads\/livre-architecture-histoire-beton-construction-batiment-PRESSE-2-150x30.jpg 150w, https:\/\/www.editions-libel.fr\/maison-edition\/wp-content\/uploads\/livre-architecture-histoire-beton-construction-batiment-PRESSE-2-1024x205.jpg 1024w, https:\/\/www.editions-libel.fr\/maison-edition\/wp-content\/uploads\/livre-architecture-histoire-beton-construction-batiment-PRESSE-2-325x65.jpg 325w\" sizes=\"auto, (max-width: 1500px) 100vw, 1500px\" \/>SACR\u00c9 B\u00c9TON ! FABRIQUE ET L\u00c9GENDE D&rsquo;UN MAT\u00c9RIAU DU FUTUR<br \/>\n<\/strong><\/p>\n<p><strong>HistoireConstruction.fr<\/strong>, B\u00e9atrice Gaillard &#8211; 8\/12\/2015 <span class=\"Titre\"><span class=\"TexteLegende\">\u203a <a href=\"http:\/\/www.histoireconstruction.fr\/sacre-beton-fabrique-et-legende-dun-materiau-du-futur\/\" target=\"_blank\" rel=\"noopener noreferrer\">Lire l&rsquo;article<\/a><\/span><\/span><\/p>\n<p><strong>Archistorm<\/strong>, mars-avril 2016, n\u00b077 <span class=\"Titre\"><span class=\"TexteLegende\">\u203a <a href=\"http:\/\/wpwoocom2.editions-libel.fr\/wp-content\/uploads\/2015\/10\/presse-beton-archistrom.pdf\" target=\"_blank\" rel=\"noopener noreferrer\">Lire l&rsquo;article<\/a><\/span><\/span><\/p>\n<p><strong>Lib\u00e9ration<\/strong>, 25 d\u00e9cembre 2019 <span class=\"Titre\"><span class=\"TexteLegende\">\u203a <a href=\"https:\/\/www.liberation.fr\/debats\/2019\/12\/25\/pierre-gras-le-beton-porte-les-stigmates-d-une-societe-qui-a-grandi-un-peu-trop-vite_1771016\" target=\"_blank\" rel=\"noopener noreferrer\">Lire l&rsquo;article<\/a><\/span><\/span>[\/vc_column_text][\/vc_column][\/vc_row]\n","protected":false},"excerpt":{"rendered":"<p>[vc_row][vc_column][vc_column_text el_class=\u00a0\u00bbfor_border_bottom\u00a0\u00bb]SACR\u00c9 B\u00c9TON ! FABRIQUE ET L\u00c9GENDE D&rsquo;UN MAT\u00c9RIAU DU FUTUR HistoireConstruction.fr, B\u00e9atrice Gaillard &#8211; 8\/12\/2015 \u203a Lire l&rsquo;article Archistorm, mars-avril 2016, n\u00b077 \u203a Lire l&rsquo;article Lib\u00e9ration, 25 d\u00e9cembre 2019 \u203a Lire l&rsquo;article[\/vc_column_text][\/vc_column][\/vc_row]<\/p>\n","protected":false},"author":1,"featured_media":5760,"comment_status":"closed","ping_status":"open","sticky":false,"template":"","format":"standard","meta":{"footnotes":""},"categories":[29],"tags":[],"class_list":["post-1937","post","type-post","status-publish","format-standard","has-post-thumbnail","hentry","category-presse"],"_links":{"self":[{"href":"https:\/\/www.editions-libel.fr\/maison-edition\/wp-json\/wp\/v2\/posts\/1937","targetHints":{"allow":["GET"]}}],"collection":[{"href":"https:\/\/www.editions-libel.fr\/maison-edition\/wp-json\/wp\/v2\/posts"}],"about":[{"href":"https:\/\/www.editions-libel.fr\/maison-edition\/wp-json\/wp\/v2\/types\/post"}],"author":[{"embeddable":true,"href":"https:\/\/www.editions-libel.fr\/maison-edition\/wp-json\/wp\/v2\/users\/1"}],"replies":[{"embeddable":true,"href":"https:\/\/www.editions-libel.fr\/maison-edition\/wp-json\/wp\/v2\/comments?post=1937"}],"version-history":[{"count":3,"href":"https:\/\/www.editions-libel.fr\/maison-edition\/wp-json\/wp\/v2\/posts\/1937\/revisions"}],"predecessor-version":[{"id":6725,"href":"https:\/\/www.editions-libel.fr\/maison-edition\/wp-json\/wp\/v2\/posts\/1937\/revisions\/6725"}],"wp:featuredmedia":[{"embeddable":true,"href":"https:\/\/www.editions-libel.fr\/maison-edition\/wp-json\/wp\/v2\/media\/5760"}],"wp:attachment":[{"href":"https:\/\/www.editions-libel.fr\/maison-edition\/wp-json\/wp\/v2\/media?parent=1937"}],"wp:term":[{"taxonomy":"category","embeddable":true,"href":"https:\/\/www.editions-libel.fr\/maison-edition\/wp-json\/wp\/v2\/categories?post=1937"},{"taxonomy":"post_tag","embeddable":true,"href":"https:\/\/www.editions-libel.fr\/maison-edition\/wp-json\/wp\/v2\/tags?post=1937"}],"curies":[{"name":"wp","href":"https:\/\/api.w.org\/{rel}","templated":true}]}}