{"id":1935,"date":"2015-11-11T07:58:01","date_gmt":"2015-11-11T06:58:01","guid":{"rendered":"http:\/\/www.editions-libel.fr\/2016\/?p=1935"},"modified":"2020-02-03T11:25:39","modified_gmt":"2020-02-03T10:25:39","slug":"la-drome-et-la-grande-guerre-un-departement-du-front-de-larriere","status":"publish","type":"post","link":"https:\/\/www.editions-libel.fr\/maison-edition\/2015\/11\/11\/la-drome-et-la-grande-guerre-un-departement-du-front-de-larriere\/","title":{"rendered":"LA DR\u00d4ME ET LA GRANDE GUERRE"},"content":{"rendered":"[vc_row][vc_column][vc_column_text el_class=\u00a0\u00bbfor_border_bottom\u00a0\u00bb]<a href=\"http:\/\/www.editions-libel.fr\/maison-edition\/boutique\/la-drome-et-la-grande-guerre\/\"><img loading=\"lazy\" decoding=\"async\" class=\"size-full wp-image-1070 alignleft\" src=\"http:\/\/www.editions-libel.fr\/maison-edition\/wp-content\/uploads\/2015\/10\/presse-DROME.jpg\" alt=\"presse-DROME\" width=\"400\" height=\"284\" \/><\/a><\/p>\n<p><strong>LA DR\u00d4ME ET LA GRANDE GUERRE. UN D\u00c9PARTEMENT DU FRONT DE L&rsquo;ARRI\u00c8RE<br \/>\n<\/strong><\/p>\n<p><strong>Le Dauphin\u00e9 lib\u00e9r\u00e9<\/strong>, Catherine Boyer, Chantal Seignoret &#8211; 11\/11\/2015 <span class=\"Titre\"><span class=\"TexteLegende\">\u203a <a href=\"http:\/\/www.editions-libel.fr\/maison-edition\/wp-content\/uploads\/2015\/10\/presse-drome-dauphine1.pdf\" target=\"_blank\" rel=\"noopener noreferrer\">Lire l&rsquo;article<\/a><\/span><\/span><\/p>\n<p><strong>Dr\u00f4me-Hebdo.fr<\/strong> &#8211; 20\/11\/15 <span class=\"Titre\"><span class=\"TexteLegende\">\u203a<\/span><\/span> <a href=\"http:\/\/www.drome-hebdo.fr\/blog\/2015\/11\/20\/l%E2%80%99arriere-de-la-guerre-1914-2018-dans-la-drome\/\" target=\"_blank\" rel=\"noopener noreferrer\">Lire l&rsquo;article<\/a>[\/vc_column_text][\/vc_column][\/vc_row]\n","protected":false},"excerpt":{"rendered":"<p>[vc_row][vc_column][vc_column_text el_class=\u00a0\u00bbfor_border_bottom\u00a0\u00bb] LA DR\u00d4ME ET LA GRANDE GUERRE. UN D\u00c9PARTEMENT DU FRONT DE L&rsquo;ARRI\u00c8RE Le Dauphin\u00e9 lib\u00e9r\u00e9, Catherine Boyer, Chantal Seignoret &#8211; 11\/11\/2015 \u203a Lire l&rsquo;article Dr\u00f4me-Hebdo.fr &#8211; 20\/11\/15 \u203a Lire l&rsquo;article[\/vc_column_text][\/vc_column][\/vc_row]<\/p>\n","protected":false},"author":1,"featured_media":5763,"comment_status":"closed","ping_status":"open","sticky":false,"template":"","format":"standard","meta":{"footnotes":""},"categories":[29],"tags":[],"class_list":["post-1935","post","type-post","status-publish","format-standard","has-post-thumbnail","hentry","category-presse"],"_links":{"self":[{"href":"https:\/\/www.editions-libel.fr\/maison-edition\/wp-json\/wp\/v2\/posts\/1935","targetHints":{"allow":["GET"]}}],"collection":[{"href":"https:\/\/www.editions-libel.fr\/maison-edition\/wp-json\/wp\/v2\/posts"}],"about":[{"href":"https:\/\/www.editions-libel.fr\/maison-edition\/wp-json\/wp\/v2\/types\/post"}],"author":[{"embeddable":true,"href":"https:\/\/www.editions-libel.fr\/maison-edition\/wp-json\/wp\/v2\/users\/1"}],"replies":[{"embeddable":true,"href":"https:\/\/www.editions-libel.fr\/maison-edition\/wp-json\/wp\/v2\/comments?post=1935"}],"version-history":[{"count":3,"href":"https:\/\/www.editions-libel.fr\/maison-edition\/wp-json\/wp\/v2\/posts\/1935\/revisions"}],"predecessor-version":[{"id":6827,"href":"https:\/\/www.editions-libel.fr\/maison-edition\/wp-json\/wp\/v2\/posts\/1935\/revisions\/6827"}],"wp:featuredmedia":[{"embeddable":true,"href":"https:\/\/www.editions-libel.fr\/maison-edition\/wp-json\/wp\/v2\/media\/5763"}],"wp:attachment":[{"href":"https:\/\/www.editions-libel.fr\/maison-edition\/wp-json\/wp\/v2\/media?parent=1935"}],"wp:term":[{"taxonomy":"category","embeddable":true,"href":"https:\/\/www.editions-libel.fr\/maison-edition\/wp-json\/wp\/v2\/categories?post=1935"},{"taxonomy":"post_tag","embeddable":true,"href":"https:\/\/www.editions-libel.fr\/maison-edition\/wp-json\/wp\/v2\/tags?post=1935"}],"curies":[{"name":"wp","href":"https:\/\/api.w.org\/{rel}","templated":true}]}}