{"id":1927,"date":"2014-06-25T07:50:52","date_gmt":"2014-06-25T06:50:52","guid":{"rendered":"http:\/\/www.editions-libel.fr\/2016\/?p=1927"},"modified":"2020-02-03T11:25:54","modified_gmt":"2020-02-03T10:25:54","slug":"carnet-glace-journal-dune-mission-scientifique-en-haute-montagne-2","status":"publish","type":"post","link":"https:\/\/www.editions-libel.fr\/maison-edition\/2014\/06\/25\/carnet-glace-journal-dune-mission-scientifique-en-haute-montagne-2\/","title":{"rendered":"CARNET GLAC\u00c9"},"content":{"rendered":"[vc_row][vc_column][vc_column_text el_class=\u00a0\u00bbfor_border_bottom margin_bottom\u00a0\u00bb]<strong><img loading=\"lazy\" decoding=\"async\" class=\"alignnone size-full wp-image-5794\" src=\"http:\/\/dev.editions-libel.fr\/2019\/wp-content\/uploads\/livre-journal-mission-scientifique-haute-montagne-marion-bisiaux-pauline-chaffard-PRESSE-2.jpg\" alt=\"\" width=\"1500\" height=\"300\" srcset=\"https:\/\/www.editions-libel.fr\/maison-edition\/wp-content\/uploads\/livre-journal-mission-scientifique-haute-montagne-marion-bisiaux-pauline-chaffard-PRESSE-2.jpg 1500w, https:\/\/www.editions-libel.fr\/maison-edition\/wp-content\/uploads\/livre-journal-mission-scientifique-haute-montagne-marion-bisiaux-pauline-chaffard-PRESSE-2-300x60.jpg 300w, https:\/\/www.editions-libel.fr\/maison-edition\/wp-content\/uploads\/livre-journal-mission-scientifique-haute-montagne-marion-bisiaux-pauline-chaffard-PRESSE-2-900x180.jpg 900w, https:\/\/www.editions-libel.fr\/maison-edition\/wp-content\/uploads\/livre-journal-mission-scientifique-haute-montagne-marion-bisiaux-pauline-chaffard-PRESSE-2-150x30.jpg 150w, https:\/\/www.editions-libel.fr\/maison-edition\/wp-content\/uploads\/livre-journal-mission-scientifique-haute-montagne-marion-bisiaux-pauline-chaffard-PRESSE-2-1024x205.jpg 1024w, https:\/\/www.editions-libel.fr\/maison-edition\/wp-content\/uploads\/livre-journal-mission-scientifique-haute-montagne-marion-bisiaux-pauline-chaffard-PRESSE-2-325x65.jpg 325w\" sizes=\"auto, (max-width: 1500px) 100vw, 1500px\" \/>CARNET GLAC\u00c9. JOURNAL D&rsquo;UNE MISSION SCIENTIFIQUE EN HAUTE MONTAGNE<br \/>\n<\/strong><\/p>\n<p><strong>Portrait d&rsquo;Is\u00e8re &#8211; France bleu Is\u00e8re<\/strong>, Mich\u00e8le Caron &#8211; 25\/06\/2014 <span class=\"Titre\"><span class=\"TexteLegende\">\u203a <a href=\"https:\/\/www.francebleu.fr\/emissions\/les-portraits-d-isere-2013-2014\/portrait-d-isere-marion-bisiaux\" target=\"_blank\" rel=\"noopener noreferrer\">\u00c9couter l&rsquo;interview<\/a><\/span><\/span><\/p>\n<p><strong>Le Dauphin\u00e9 lib\u00e9r\u00e9<\/strong> &#8211; d\u00e9cembre 2014 <span class=\"Titre\"><span class=\"TexteLegende\">\u203a<\/span><\/span> Lire les articles <a href=\"http:\/\/www.editions-libel.fr\/maison-edition\/wp-content\/uploads\/2015\/10\/presse-carnetglace-dauphine.pdf\" target=\"_blank\" rel=\"noopener noreferrer\">1<\/a> et <a href=\"http:\/\/www.editions-libel.fr\/maison-edition\/wp-content\/uploads\/2015\/10\/presse-carnetglace-dauphine2.pdf\" target=\"_blank\" rel=\"noopener noreferrer\">2<\/a><\/p>\n<p><strong>Montagnes du monde &#8211; Alpes<\/strong> <strong>Magazine<\/strong>, Philippe Vouillon &#8211; 2014 <span class=\"Titre\"><span class=\"TexteLegende\">\u203a<\/span><\/span> <a href=\"http:\/\/www.editions-libel.fr\/maison-edition\/wp-content\/uploads\/2015\/10\/presse-carnetglace-Montagnesdumonde.pdf\" target=\"_blank\" rel=\"noopener noreferrer\">Lire le reportage<\/a><\/p>\n<p><strong>Les Affiches de Grenoble et du Dauphin\u00e9<\/strong>, Jean-Louis Roux &#8211; 30\/01\/2015 <span class=\"Titre\"><span class=\"TexteLegende\">\u203a<\/span><\/span> <a href=\"http:\/\/www.editions-libel.fr\/maison-edition\/wp-content\/uploads\/2015\/10\/presse-carnetglace-lesaffiches.jpg\" target=\"_blank\" rel=\"noopener noreferrer\">Lire l&rsquo;article<\/a><\/p>\n<p><strong>La Vie nouvelle<\/strong>, Jean-Louis Roux &#8211; 13\/02\/2015 <span class=\"Titre\"><span class=\"TexteLegende\">\u203a <a href=\"http:\/\/www.editions-libel.fr\/maison-edition\/wp-content\/uploads\/2015\/10\/presse-carnetglace-lavienouvelle.jpg\" target=\"_blank\" rel=\"noopener noreferrer\">Lire l&rsquo;article<\/a><\/span><\/span><\/p>\n<p><span class=\"Titre\"><span class=\"TexteLegende\"><span class=\"collapseomatic \" id=\"id69f3c726d22ac\"  tabindex=\"0\" title=\"Plus d'articles\"    >Plus d'articles<\/span><\/span><\/span><\/p>\n<p><strong>Chronique Montagne, JT 19h &#8211; France 3 Alpes<\/strong>, Fran\u00e7oise Guais et C\u00e9dric Picaud &#8211; 23\/02\/2015 <span class=\"TexteLegende\">\u203a <a href=\"http:\/\/france3-regions.francetvinfo.fr\/alpes\/2015\/02\/23\/carnet-glace-ou-la-vie-quotidienne-d-une-expedition-scientifique-en-haute-montagne-661157.html\" target=\"_blank\" rel=\"noopener noreferrer\">Regarder le reportage<\/a><\/span><\/p>\n<p><strong>Montagnes Magazine<\/strong>,\u00a0Ulysse Lefebvre, mars 2015 <span class=\"Titre\"><span class=\"TexteLegende\">\u203a<\/span><\/span> <a href=\"http:\/\/www.editions-libel.fr\/maison-edition\/wp-content\/uploads\/2015\/10\/presse-carnetglace-montagnesmag.pdf\" target=\"_blank\" rel=\"noopener noreferrer\">Lire l&rsquo;article<\/a><\/p>\n<p><strong>La Recherche <\/strong>&#8211; avril 2015 <span class=\"Titre\"><span class=\"TexteLegende\">\u203a<\/span><\/span> <a href=\"http:\/\/www.editions-libel.fr\/maison-edition\/wp-content\/uploads\/2015\/10\/presse-carnetglace-larecherche042015.pdf\" target=\"_blank\" rel=\"noopener noreferrer\">Lire l&rsquo;article<\/a><\/p>\n<p><strong>L&rsquo;Alpe<\/strong> &#8211; printemps (avril-mai-juin) 2015 <span class=\"Titre\"><span class=\"TexteLegende\">\u203a<\/span><\/span> <a href=\"http:\/\/www.editions-libel.fr\/maison-edition\/wp-content\/uploads\/2015\/10\/presse-carnetglace-LALPE.jpg\" target=\"_blank\" rel=\"noopener noreferrer\">Lire l&rsquo;article<\/a><\/p>\n<p><strong>France 3 Alpes <\/strong>&#8211; 04\/08\/2015 <span class=\"Titre\"><span class=\"TexteLegende\">\u203a<\/span><\/span> <a href=\"http:\/\/france3-regions.francetvinfo.fr\/alpes\/isere\/grenoble\/deux-prix-litteraires-alpins-decernes-au-carnet-glace-de-la-glaciologue-marion-bisiaux-781771.html\" target=\"_blank\" rel=\"noopener noreferrer\">Lire l&rsquo;article<\/a><\/p>\n<p><strong>Le Dauphin\u00e9 lib\u00e9r\u00e9<\/strong> &#8211; 12\/10\/2015 <span class=\"Titre\"><span class=\"TexteLegende\">\u203a<\/span><\/span> <a href=\"http:\/\/www.editions-libel.fr\/maison-edition\/wp-content\/uploads\/2015\/10\/presse-carnetglace-dauphinelib12102015.jpg\" target=\"_blank\" rel=\"noopener noreferrer\">Lire l&rsquo;article<\/a><\/p>\n<p><strong>Le Dauphin\u00e9 lib\u00e9r\u00e9<\/strong> &#8211; 19\/10\/2015 <span class=\"Titre\"><span class=\"TexteLegende\">\u203a<\/span><\/span> <a href=\"http:\/\/www.editions-libel.fr\/maison-edition\/wp-content\/uploads\/2015\/10\/presse-carnetglace-dauphinelib19102015.jpg\" target=\"_blank\" rel=\"noopener noreferrer\">Lire l&rsquo;article<\/a><\/p>\n<p><strong>Le Dauphin\u00e9 lib\u00e9r\u00e9<\/strong>, Daniel Brisard &#8211; 21\/10\/15 <span class=\"Titre\"><span class=\"TexteLegende\">\u203a<\/span><\/span> <a href=\"http:\/\/www.editions-libel.fr\/maison-edition\/wp-content\/uploads\/2015\/12\/presse-carnetglace-dauphine211015danielbrisard.pdf\" target=\"_blank\" rel=\"noopener noreferrer\">Lire l&rsquo;article<\/a><\/p>\n<p><span class=\"Titre\"><span class=\"TexteLegende\">[\/expand<\/span><\/span><span class=\"Titre\"><span class=\"TexteLegende\">]<\/span><\/span>[\/vc_column_text][\/vc_column][\/vc_row]\n","protected":false},"excerpt":{"rendered":"<p>[vc_row][vc_column][vc_column_text el_class=\u00a0\u00bbfor_border_bottom margin_bottom\u00a0\u00bb]CARNET GLAC\u00c9. JOURNAL D&rsquo;UNE MISSION SCIENTIFIQUE EN HAUTE MONTAGNE Portrait d&rsquo;Is\u00e8re &#8211; France bleu Is\u00e8re, Mich\u00e8le Caron &#8211; 25\/06\/2014 \u203a \u00c9couter l&rsquo;interview Le Dauphin\u00e9 lib\u00e9r\u00e9 &#8211; d\u00e9cembre 2014 \u203a Lire les articles 1 et 2 Montagnes du monde &#8211; Alpes Magazine, Philippe Vouillon &#8211; 2014 \u203a Lire le reportage Les Affiches de Grenoble [&hellip;]<\/p>\n","protected":false},"author":1,"featured_media":5826,"comment_status":"closed","ping_status":"open","sticky":false,"template":"","format":"standard","meta":{"footnotes":""},"categories":[29],"tags":[],"class_list":["post-1927","post","type-post","status-publish","format-standard","has-post-thumbnail","hentry","category-presse"],"_links":{"self":[{"href":"https:\/\/www.editions-libel.fr\/maison-edition\/wp-json\/wp\/v2\/posts\/1927","targetHints":{"allow":["GET"]}}],"collection":[{"href":"https:\/\/www.editions-libel.fr\/maison-edition\/wp-json\/wp\/v2\/posts"}],"about":[{"href":"https:\/\/www.editions-libel.fr\/maison-edition\/wp-json\/wp\/v2\/types\/post"}],"author":[{"embeddable":true,"href":"https:\/\/www.editions-libel.fr\/maison-edition\/wp-json\/wp\/v2\/users\/1"}],"replies":[{"embeddable":true,"href":"https:\/\/www.editions-libel.fr\/maison-edition\/wp-json\/wp\/v2\/comments?post=1927"}],"version-history":[{"count":6,"href":"https:\/\/www.editions-libel.fr\/maison-edition\/wp-json\/wp\/v2\/posts\/1927\/revisions"}],"predecessor-version":[{"id":6829,"href":"https:\/\/www.editions-libel.fr\/maison-edition\/wp-json\/wp\/v2\/posts\/1927\/revisions\/6829"}],"wp:featuredmedia":[{"embeddable":true,"href":"https:\/\/www.editions-libel.fr\/maison-edition\/wp-json\/wp\/v2\/media\/5826"}],"wp:attachment":[{"href":"https:\/\/www.editions-libel.fr\/maison-edition\/wp-json\/wp\/v2\/media?parent=1927"}],"wp:term":[{"taxonomy":"category","embeddable":true,"href":"https:\/\/www.editions-libel.fr\/maison-edition\/wp-json\/wp\/v2\/categories?post=1927"},{"taxonomy":"post_tag","embeddable":true,"href":"https:\/\/www.editions-libel.fr\/maison-edition\/wp-json\/wp\/v2\/tags?post=1927"}],"curies":[{"name":"wp","href":"https:\/\/api.w.org\/{rel}","templated":true}]}}