{"id":1917,"date":"2013-07-31T07:46:47","date_gmt":"2013-07-31T06:46:47","guid":{"rendered":"http:\/\/www.editions-libel.fr\/2016\/?p=1917"},"modified":"2020-02-03T11:22:05","modified_gmt":"2020-02-03T10:22:05","slug":"en-attendant-la-prochaine-ere-glaciaire-petites-chroniques-de-savoie-2","status":"publish","type":"post","link":"https:\/\/www.editions-libel.fr\/maison-edition\/2013\/07\/31\/en-attendant-la-prochaine-ere-glaciaire-petites-chroniques-de-savoie-2\/","title":{"rendered":"PETITES CHRONIQUES DE SAVOIE"},"content":{"rendered":"[vc_row][vc_column][vc_column_text el_class=\u00a0\u00bbfor_border_bottom\u00a0\u00bb]<strong><img loading=\"lazy\" decoding=\"async\" class=\"alignnone size-full wp-image-5864\" src=\"http:\/\/dev.editions-libel.fr\/2019\/wp-content\/uploads\/livre-savoie-maxence-fermine-pierre-witt-photographie-nouvelles-PRESSE-2.jpg\" alt=\"\" width=\"1500\" height=\"300\" srcset=\"https:\/\/www.editions-libel.fr\/maison-edition\/wp-content\/uploads\/livre-savoie-maxence-fermine-pierre-witt-photographie-nouvelles-PRESSE-2.jpg 1500w, https:\/\/www.editions-libel.fr\/maison-edition\/wp-content\/uploads\/livre-savoie-maxence-fermine-pierre-witt-photographie-nouvelles-PRESSE-2-300x60.jpg 300w, https:\/\/www.editions-libel.fr\/maison-edition\/wp-content\/uploads\/livre-savoie-maxence-fermine-pierre-witt-photographie-nouvelles-PRESSE-2-900x180.jpg 900w, https:\/\/www.editions-libel.fr\/maison-edition\/wp-content\/uploads\/livre-savoie-maxence-fermine-pierre-witt-photographie-nouvelles-PRESSE-2-150x30.jpg 150w, https:\/\/www.editions-libel.fr\/maison-edition\/wp-content\/uploads\/livre-savoie-maxence-fermine-pierre-witt-photographie-nouvelles-PRESSE-2-1024x205.jpg 1024w, https:\/\/www.editions-libel.fr\/maison-edition\/wp-content\/uploads\/livre-savoie-maxence-fermine-pierre-witt-photographie-nouvelles-PRESSE-2-325x65.jpg 325w\" sizes=\"auto, (max-width: 1500px) 100vw, 1500px\" \/>EN ATTENDANT LA PROCHAINE \u00c8RE GLACIAIRE. PETITES CHRONIQUES DE SAVOIE<br \/>\n<\/strong><\/p>\n<p><strong>Le Dauphin\u00e9 lib\u00e9r\u00e9<\/strong>, Jo\u00ebl le Pavous &#8211; 31\/07\/2013 <span class=\"Titre\"><span class=\"TexteLegende\">\u203a<\/span><\/span> <a href=\"http:\/\/www.ledauphine.com\/savoie\/2013\/07\/30\/2-500-pour-imprimer-un-recueil-de-chroniques-sur-les-deux-savoie\" target=\"_blank\" rel=\"noopener noreferrer\">Lire l&rsquo;article<\/a><\/p>\n<p><strong>France bleu Pays de Savoie<\/strong>, Anabelle Gallotti &#8211; 27\/08\/2013\u00a0<span class=\"Titre\"><span class=\"TexteLegende\">\u203a<\/span><\/span> <a href=\"https:\/\/www.francebleu.fr\/le-romancier-savoyard-maxence-fermine-est-l-invite-de-france-bleu-pays-de-savoie-1377585359\" target=\"_blank\" rel=\"noopener noreferrer\">\u00c9couter l&rsquo;interview<\/a><\/p>\n<p><strong>\u00c9co des Pays de Savoie<\/strong> &#8211; 6\/09\/2013 <span class=\"Titre\"><span class=\"TexteLegende\">\u203a <a href=\"http:\/\/www.editions-libel.fr\/maison-edition\/wp-content\/uploads\/2015\/10\/presse-chroniques-Ecodespaysdesavoie.jpg\" target=\"_blank\" rel=\"noopener noreferrer\">Lire l&rsquo;article<\/a><\/span><\/span><\/p>\n<p><strong>France bleu Pays de Savoie<\/strong>, Sylvia Depierre &#8211; 14\/10\/2013 <span class=\"Titre\"><span class=\"TexteLegende\">\u203a <a href=\"https:\/\/www.francebleu.fr\/emissions\/cette-annee-la-l-invite\/maxence-fermine-pierre-witt\" target=\"_blank\" rel=\"noopener noreferrer\" class=\"broken_link\">Lire l&rsquo;article<\/a><\/span><\/span><\/p>\n<p><span class=\"Titre\"><span class=\"TexteLegende\"><span class=\"collapseomatic \" id=\"id69f521c4da359\"  tabindex=\"0\" title=\"Plus d'articles\"    >Plus d'articles<\/span><div id=\"target-id69f521c4da359\" class=\"collapseomatic_content \"><\/span><\/span><\/p>\n<p><strong>La Montagne et Alpinisme <\/strong>&#8211; n\u00b04, d\u00e9cembre 2013 <span class=\"Titre\"><span class=\"TexteLegende\">\u203a <a href=\"http:\/\/www.editions-libel.fr\/maison-edition\/wp-content\/uploads\/2015\/10\/presse-chroniques-montagnealpinisme.pdf\" target=\"_blank\" rel=\"noopener noreferrer\">Lire l&rsquo;article<\/a><\/span><\/span><\/p>\n<p><strong>La Vie nouvelle<\/strong>, Jean-Louis Roux &#8211; 04\/07\/2014 <span class=\"Titre\"><span class=\"TexteLegende\">\u203a<\/span><\/span> <a href=\"http:\/\/www.editions-libel.fr\/maison-edition\/wp-content\/uploads\/2015\/10\/presse-chroniques-LaVienouvelle.jpg\" target=\"_blank\" rel=\"noopener noreferrer\">Lire l&rsquo;article<\/a><\/p>\n<p><span class=\"Titre\"><span class=\"TexteLegende\"><\/div><\/span><\/span>[\/vc_column_text][\/vc_column][\/vc_row]\n","protected":false},"excerpt":{"rendered":"<p>[vc_row][vc_column][vc_column_text el_class=\u00a0\u00bbfor_border_bottom\u00a0\u00bb]EN ATTENDANT LA PROCHAINE \u00c8RE GLACIAIRE. PETITES CHRONIQUES DE SAVOIE Le Dauphin\u00e9 lib\u00e9r\u00e9, Jo\u00ebl le Pavous &#8211; 31\/07\/2013 \u203a Lire l&rsquo;article France bleu Pays de Savoie, Anabelle Gallotti &#8211; 27\/08\/2013\u00a0\u203a \u00c9couter l&rsquo;interview \u00c9co des Pays de Savoie &#8211; 6\/09\/2013 \u203a Lire l&rsquo;article France bleu Pays de Savoie, Sylvia Depierre &#8211; 14\/10\/2013 \u203a Lire l&rsquo;article [&hellip;]<\/p>\n","protected":false},"author":1,"featured_media":6269,"comment_status":"closed","ping_status":"open","sticky":false,"template":"","format":"standard","meta":{"footnotes":""},"categories":[29],"tags":[],"class_list":["post-1917","post","type-post","status-publish","format-standard","has-post-thumbnail","hentry","category-presse"],"_links":{"self":[{"href":"https:\/\/www.editions-libel.fr\/maison-edition\/wp-json\/wp\/v2\/posts\/1917","targetHints":{"allow":["GET"]}}],"collection":[{"href":"https:\/\/www.editions-libel.fr\/maison-edition\/wp-json\/wp\/v2\/posts"}],"about":[{"href":"https:\/\/www.editions-libel.fr\/maison-edition\/wp-json\/wp\/v2\/types\/post"}],"author":[{"embeddable":true,"href":"https:\/\/www.editions-libel.fr\/maison-edition\/wp-json\/wp\/v2\/users\/1"}],"replies":[{"embeddable":true,"href":"https:\/\/www.editions-libel.fr\/maison-edition\/wp-json\/wp\/v2\/comments?post=1917"}],"version-history":[{"count":5,"href":"https:\/\/www.editions-libel.fr\/maison-edition\/wp-json\/wp\/v2\/posts\/1917\/revisions"}],"predecessor-version":[{"id":6820,"href":"https:\/\/www.editions-libel.fr\/maison-edition\/wp-json\/wp\/v2\/posts\/1917\/revisions\/6820"}],"wp:featuredmedia":[{"embeddable":true,"href":"https:\/\/www.editions-libel.fr\/maison-edition\/wp-json\/wp\/v2\/media\/6269"}],"wp:attachment":[{"href":"https:\/\/www.editions-libel.fr\/maison-edition\/wp-json\/wp\/v2\/media?parent=1917"}],"wp:term":[{"taxonomy":"category","embeddable":true,"href":"https:\/\/www.editions-libel.fr\/maison-edition\/wp-json\/wp\/v2\/categories?post=1917"},{"taxonomy":"post_tag","embeddable":true,"href":"https:\/\/www.editions-libel.fr\/maison-edition\/wp-json\/wp\/v2\/tags?post=1917"}],"curies":[{"name":"wp","href":"https:\/\/api.w.org\/{rel}","templated":true}]}}