{"id":1915,"date":"2013-05-23T07:46:08","date_gmt":"2013-05-23T06:46:08","guid":{"rendered":"http:\/\/www.editions-libel.fr\/2016\/?p=1915"},"modified":"2020-02-03T11:24:22","modified_gmt":"2020-02-03T10:24:22","slug":"lyon-ville-internationale-la-metropole-lyonnaise-a-lassaut-de-la-scene-internationale-1914-2013","status":"publish","type":"post","link":"https:\/\/www.editions-libel.fr\/maison-edition\/2013\/05\/23\/lyon-ville-internationale-la-metropole-lyonnaise-a-lassaut-de-la-scene-internationale-1914-2013\/","title":{"rendered":"LYON VILLE INTERNATIONALE."},"content":{"rendered":"[vc_row][vc_column][vc_column_text el_class=\u00a0\u00bbfor_border_bottom\u00a0\u00bb]<strong><img loading=\"lazy\" decoding=\"async\" class=\"alignnone size-full wp-image-5866\" src=\"http:\/\/dev.editions-libel.fr\/2019\/wp-content\/uploads\/lyon-ville-internationale-renaud-payre-histoire-sciences-politiques-PRESSE-2.jpg\" alt=\"\" width=\"1500\" height=\"300\" srcset=\"https:\/\/www.editions-libel.fr\/maison-edition\/wp-content\/uploads\/lyon-ville-internationale-renaud-payre-histoire-sciences-politiques-PRESSE-2.jpg 1500w, https:\/\/www.editions-libel.fr\/maison-edition\/wp-content\/uploads\/lyon-ville-internationale-renaud-payre-histoire-sciences-politiques-PRESSE-2-300x60.jpg 300w, https:\/\/www.editions-libel.fr\/maison-edition\/wp-content\/uploads\/lyon-ville-internationale-renaud-payre-histoire-sciences-politiques-PRESSE-2-900x180.jpg 900w, https:\/\/www.editions-libel.fr\/maison-edition\/wp-content\/uploads\/lyon-ville-internationale-renaud-payre-histoire-sciences-politiques-PRESSE-2-150x30.jpg 150w, https:\/\/www.editions-libel.fr\/maison-edition\/wp-content\/uploads\/lyon-ville-internationale-renaud-payre-histoire-sciences-politiques-PRESSE-2-1024x205.jpg 1024w, https:\/\/www.editions-libel.fr\/maison-edition\/wp-content\/uploads\/lyon-ville-internationale-renaud-payre-histoire-sciences-politiques-PRESSE-2-325x65.jpg 325w\" sizes=\"auto, (max-width: 1500px) 100vw, 1500px\" \/>LYON VILLE INTERNATIONALE. LA M\u00c9TROPOLE LYONNAISE \u00c0 L&rsquo;ASSAUT DE LA SC\u00c8NE INTERNATIONALE, 1914-2013<br \/>\n<\/strong><\/p>\n<p><strong>RCF.fr<\/strong>, Elise Moreau &#8211; 23\/05\/2013 <span class=\"Titre\"><span class=\"TexteLegende\">\u203a <a href=\"https:\/\/rcf.fr\/actualite\/renaud-payre-professeur-de-science-politique-iep-de-lyon\" target=\"_blank\" rel=\"noopener noreferrer\">\u00c9couter l&rsquo;interview<\/a><\/span><\/span><\/p>\n<p><strong>Tribune de Lyon<\/strong>, Vincent Lonchampt &#8211; 19\/06\/2013 <span class=\"Titre\"><span class=\"TexteLegende\">\u203a <a href=\"http:\/\/www.tribunedelyon.fr\/?actualite\/economie\/39346-pourquoi-lyon-bloque-a-l-international\" target=\"_blank\" rel=\"noopener noreferrer\" class=\"broken_link\">Lire l&rsquo;article<\/a><\/span><\/span><\/p>\n<p><strong>La Grande Table &#8211; France Culture<\/strong>, Caroline Brou\u00e9 &#8211; 11\/09\/2013 <span class=\"Titre\"><span class=\"TexteLegende\">\u203a<\/span><\/span> <a href=\"http:\/\/www.franceculture.fr\/emission-la-grande-table-2eme-partie-jusqu-ou-s-etend-le-rayonnement-international-de-lyon-2013-09-1\" target=\"_blank\" rel=\"noopener noreferrer\">\u00c9couter l&rsquo;interview<\/a><\/p>\n<p><strong>Office et Culture<\/strong>, Brigitte Mantel &#8211; septembre 2013 <span class=\"Titre\"><span class=\"TexteLegende\">\u203a<\/span><\/span> <a href=\"http:\/\/www.editions-libel.fr\/maison-edition\/wp-content\/uploads\/2015\/10\/presse-lvi-officeculture.pdf\" target=\"_blank\" rel=\"noopener noreferrer\">Lire l&rsquo;article<\/a><\/p>\n<p><span class=\"Titre\"><span class=\"TexteLegende\"><span class=\"collapseomatic \" id=\"id69f2f34fe03b6\"  tabindex=\"0\" title=\"Plus d'articles\"    >Plus d'articles<\/span><div id=\"target-id69f2f34fe03b6\" class=\"collapseomatic_content \"><\/span><\/span><\/p>\n<p><strong>Rue89Lyon.fr<\/strong>, S\u00e9bastien Gardon &#8211; 16\/10\/2013\u00a0<span class=\"Titre\"><span class=\"TexteLegende\">\u203a<\/span><\/span><span class=\"Titre\"><span class=\"TexteLegende\"> <a href=\"http:\/\/www.rue89lyon.fr\/2013\/10\/16\/bateaux-mouches-velov-lyon-est-elle-internationale-transports\/\" target=\"_blank\" rel=\"noopener noreferrer\">Lire l&rsquo;article<\/a><\/span><\/span><\/p>\n<p><strong>Lectures.Revues.org<\/strong>, Etienne Faugier &#8211; 15\/11\/2013 <span class=\"Titre\"><span class=\"TexteLegende\">\u203a<\/span><\/span> <a href=\"http:\/\/lectures.revues.org\/12690\" target=\"_blank\" rel=\"noopener noreferrer\">Lire l&rsquo;article<\/a><\/p>\n<p><span class=\"Titre\"><span class=\"TexteLegende\"><\/div><\/span><\/span>[\/vc_column_text][\/vc_column][\/vc_row]\n","protected":false},"excerpt":{"rendered":"<p>[vc_row][vc_column][vc_column_text el_class=\u00a0\u00bbfor_border_bottom\u00a0\u00bb]LYON VILLE INTERNATIONALE. LA M\u00c9TROPOLE LYONNAISE \u00c0 L&rsquo;ASSAUT DE LA SC\u00c8NE INTERNATIONALE, 1914-2013 RCF.fr, Elise Moreau &#8211; 23\/05\/2013 \u203a \u00c9couter l&rsquo;interview Tribune de Lyon, Vincent Lonchampt &#8211; 19\/06\/2013 \u203a Lire l&rsquo;article La Grande Table &#8211; France Culture, Caroline Brou\u00e9 &#8211; 11\/09\/2013 \u203a \u00c9couter l&rsquo;interview Office et Culture, Brigitte Mantel &#8211; septembre 2013 \u203a Lire [&hellip;]<\/p>\n","protected":false},"author":1,"featured_media":5815,"comment_status":"closed","ping_status":"open","sticky":false,"template":"","format":"standard","meta":{"footnotes":""},"categories":[29],"tags":[],"class_list":["post-1915","post","type-post","status-publish","format-standard","has-post-thumbnail","hentry","category-presse"],"_links":{"self":[{"href":"https:\/\/www.editions-libel.fr\/maison-edition\/wp-json\/wp\/v2\/posts\/1915","targetHints":{"allow":["GET"]}}],"collection":[{"href":"https:\/\/www.editions-libel.fr\/maison-edition\/wp-json\/wp\/v2\/posts"}],"about":[{"href":"https:\/\/www.editions-libel.fr\/maison-edition\/wp-json\/wp\/v2\/types\/post"}],"author":[{"embeddable":true,"href":"https:\/\/www.editions-libel.fr\/maison-edition\/wp-json\/wp\/v2\/users\/1"}],"replies":[{"embeddable":true,"href":"https:\/\/www.editions-libel.fr\/maison-edition\/wp-json\/wp\/v2\/comments?post=1915"}],"version-history":[{"count":5,"href":"https:\/\/www.editions-libel.fr\/maison-edition\/wp-json\/wp\/v2\/posts\/1915\/revisions"}],"predecessor-version":[{"id":6824,"href":"https:\/\/www.editions-libel.fr\/maison-edition\/wp-json\/wp\/v2\/posts\/1915\/revisions\/6824"}],"wp:featuredmedia":[{"embeddable":true,"href":"https:\/\/www.editions-libel.fr\/maison-edition\/wp-json\/wp\/v2\/media\/5815"}],"wp:attachment":[{"href":"https:\/\/www.editions-libel.fr\/maison-edition\/wp-json\/wp\/v2\/media?parent=1915"}],"wp:term":[{"taxonomy":"category","embeddable":true,"href":"https:\/\/www.editions-libel.fr\/maison-edition\/wp-json\/wp\/v2\/categories?post=1915"},{"taxonomy":"post_tag","embeddable":true,"href":"https:\/\/www.editions-libel.fr\/maison-edition\/wp-json\/wp\/v2\/tags?post=1915"}],"curies":[{"name":"wp","href":"https:\/\/api.w.org\/{rel}","templated":true}]}}