{"id":1903,"date":"2012-04-06T07:40:21","date_gmt":"2012-04-06T06:40:21","guid":{"rendered":"http:\/\/www.editions-libel.fr\/2016\/?p=1903"},"modified":"2019-07-03T10:32:07","modified_gmt":"2019-07-03T09:32:07","slug":"la-colonie-des-enfants-dizieu-1943-1944-2","status":"publish","type":"post","link":"https:\/\/www.editions-libel.fr\/maison-edition\/2012\/04\/06\/la-colonie-des-enfants-dizieu-1943-1944-2\/","title":{"rendered":"LA COLONIE DES ENFANTS D&rsquo;IZIEU, 1943-1944"},"content":{"rendered":"[vc_row][vc_column][vc_column_text el_class=\u00a0\u00bbfor_border_bottom\u00a0\u00bb]<strong><img loading=\"lazy\" decoding=\"async\" class=\"alignnone size-full wp-image-5879\" src=\"http:\/\/dev.editions-libel.fr\/2019\/wp-content\/uploads\/la-colonie-des-enfants-d-izieu-archives-histoire-seconde-guerre-mondiale-PRESSE-2.jpg\" alt=\"\" width=\"1500\" height=\"300\" srcset=\"https:\/\/www.editions-libel.fr\/maison-edition\/wp-content\/uploads\/la-colonie-des-enfants-d-izieu-archives-histoire-seconde-guerre-mondiale-PRESSE-2.jpg 1500w, https:\/\/www.editions-libel.fr\/maison-edition\/wp-content\/uploads\/la-colonie-des-enfants-d-izieu-archives-histoire-seconde-guerre-mondiale-PRESSE-2-300x60.jpg 300w, https:\/\/www.editions-libel.fr\/maison-edition\/wp-content\/uploads\/la-colonie-des-enfants-d-izieu-archives-histoire-seconde-guerre-mondiale-PRESSE-2-900x180.jpg 900w, https:\/\/www.editions-libel.fr\/maison-edition\/wp-content\/uploads\/la-colonie-des-enfants-d-izieu-archives-histoire-seconde-guerre-mondiale-PRESSE-2-150x30.jpg 150w, https:\/\/www.editions-libel.fr\/maison-edition\/wp-content\/uploads\/la-colonie-des-enfants-d-izieu-archives-histoire-seconde-guerre-mondiale-PRESSE-2-1024x205.jpg 1024w, https:\/\/www.editions-libel.fr\/maison-edition\/wp-content\/uploads\/la-colonie-des-enfants-d-izieu-archives-histoire-seconde-guerre-mondiale-PRESSE-2-325x65.jpg 325w\" sizes=\"auto, (max-width: 1500px) 100vw, 1500px\" \/>LA COLONIE DES ENFANTS D&rsquo;IZIEU, 1943-1944<br \/>\n<\/strong><\/p>\n<p><strong>Le Dauphin\u00e9 lib\u00e9r\u00e9<\/strong>, Karsenty Myriam &#8211; 6\/04\/2012<span class=\"Titre\"><span class=\"TexteLegende\"> \u203a <a href=\"http:\/\/www.editions-libel.fr\/maison-edition\/wp-content\/uploads\/2015\/10\/presse-izieu-dauphinelibere.jpg\" target=\"_blank\" rel=\"noopener noreferrer\">Lire l&rsquo;article<\/a><\/span><\/span><\/p>\n<p><strong>La Voix de l&rsquo;Ain<\/strong>, Corinne Garay &#8211; 6\/04\/2012<span class=\"Titre\"><span class=\"TexteLegende\"> \u203a <a href=\"http:\/\/www.editions-libel.fr\/maison-edition\/wp-content\/uploads\/2015\/10\/presse-izieu-lavoixdelainjpg.jpg\" target=\"_blank\" rel=\"noopener noreferrer\">Lire l&rsquo;article<\/a><\/span><\/span><\/p>\n<p><strong>Lyon 1<sup>\u00e8re<\/sup><\/strong>, G\u00e9rald Bouchon &#8211; 3\/05\/2012<span class=\"Titre\"><span class=\"TexteLegende\"> \u203a <a href=\"http:\/\/www.editions-libel.fr\/maison-edition\/wp-content\/uploads\/2015\/10\/presse-izieu-lyonpremiere.jpg\" target=\"_blank\" rel=\"noopener noreferrer\">Lire l&rsquo;article<\/a><\/span><\/span><\/p>\n<p><strong>Le Progr\u00e8s <\/strong><span class=\"Titre\"><span class=\"TexteLegende\">&#8211; 04\/05\/2012 \u203a <a href=\"http:\/\/www.editions-libel.fr\/maison-edition\/wp-content\/uploads\/2015\/10\/presse-izieu-leprogres.jpg\" target=\"_blank\" rel=\"noopener noreferrer\">Lire l&rsquo;article<\/a><\/span><\/span><\/p>\n<p><span class=\"Titre\"><span class=\"TexteLegende\"><span class=\"collapseomatic \" id=\"id69f3559c63907\"  tabindex=\"0\" title=\"Plus d'articles\"    >Plus d'articles<\/span><div id=\"target-id69f3559c63907\" class=\"collapseomatic_content \"><\/span><\/span><\/p>\n<p><span class=\"Titre\"><span class=\"TexteLegende\"><strong>T\u00e9l\u00e9rama Sortir<\/strong> &#8211; 07\/06\/2012 \u203a <a href=\"http:\/\/www.editions-libel.fr\/maison-edition\/wp-content\/uploads\/2016\/01\/presse-izieu-telerama.jpg\" target=\"_blank\" rel=\"noopener noreferrer\">Lire l&rsquo;article<\/a><\/span><\/span><\/p>\n<p><strong>Lectures.Revues.org<\/strong>, Alain Chiron &#8211; 29\/08\/2012<span class=\"Titre\"><span class=\"TexteLegende\"> \u203a <a href=\"http:\/\/lectures.revues.org\/9054\" target=\"_blank\" rel=\"noopener noreferrer\">Lire l&rsquo;article<\/a><\/span><\/span><\/p>\n<p><span class=\"Titre\"><span class=\"TexteLegende\"><\/div><\/span><\/span>[\/vc_column_text][\/vc_column][\/vc_row]\n","protected":false},"excerpt":{"rendered":"<p>[vc_row][vc_column][vc_column_text el_class=\u00a0\u00bbfor_border_bottom\u00a0\u00bb]LA COLONIE DES ENFANTS D&rsquo;IZIEU, 1943-1944 Le Dauphin\u00e9 lib\u00e9r\u00e9, Karsenty Myriam &#8211; 6\/04\/2012 \u203a Lire l&rsquo;article La Voix de l&rsquo;Ain, Corinne Garay &#8211; 6\/04\/2012 \u203a Lire l&rsquo;article Lyon 1\u00e8re, G\u00e9rald Bouchon &#8211; 3\/05\/2012 \u203a Lire l&rsquo;article Le Progr\u00e8s &#8211; 04\/05\/2012 \u203a Lire l&rsquo;article [\/vc_column_text][\/vc_column][\/vc_row]<\/p>\n","protected":false},"author":1,"featured_media":6268,"comment_status":"closed","ping_status":"open","sticky":false,"template":"","format":"standard","meta":{"footnotes":""},"categories":[29],"tags":[],"class_list":["post-1903","post","type-post","status-publish","format-standard","has-post-thumbnail","hentry","category-presse"],"_links":{"self":[{"href":"https:\/\/www.editions-libel.fr\/maison-edition\/wp-json\/wp\/v2\/posts\/1903","targetHints":{"allow":["GET"]}}],"collection":[{"href":"https:\/\/www.editions-libel.fr\/maison-edition\/wp-json\/wp\/v2\/posts"}],"about":[{"href":"https:\/\/www.editions-libel.fr\/maison-edition\/wp-json\/wp\/v2\/types\/post"}],"author":[{"embeddable":true,"href":"https:\/\/www.editions-libel.fr\/maison-edition\/wp-json\/wp\/v2\/users\/1"}],"replies":[{"embeddable":true,"href":"https:\/\/www.editions-libel.fr\/maison-edition\/wp-json\/wp\/v2\/comments?post=1903"}],"version-history":[{"count":6,"href":"https:\/\/www.editions-libel.fr\/maison-edition\/wp-json\/wp\/v2\/posts\/1903\/revisions"}],"predecessor-version":[{"id":5880,"href":"https:\/\/www.editions-libel.fr\/maison-edition\/wp-json\/wp\/v2\/posts\/1903\/revisions\/5880"}],"wp:featuredmedia":[{"embeddable":true,"href":"https:\/\/www.editions-libel.fr\/maison-edition\/wp-json\/wp\/v2\/media\/6268"}],"wp:attachment":[{"href":"https:\/\/www.editions-libel.fr\/maison-edition\/wp-json\/wp\/v2\/media?parent=1903"}],"wp:term":[{"taxonomy":"category","embeddable":true,"href":"https:\/\/www.editions-libel.fr\/maison-edition\/wp-json\/wp\/v2\/categories?post=1903"},{"taxonomy":"post_tag","embeddable":true,"href":"https:\/\/www.editions-libel.fr\/maison-edition\/wp-json\/wp\/v2\/tags?post=1903"}],"curies":[{"name":"wp","href":"https:\/\/api.w.org\/{rel}","templated":true}]}}