{"id":1872,"date":"2016-02-18T07:13:12","date_gmt":"2016-02-18T06:13:12","guid":{"rendered":"http:\/\/www.editions-libel.fr\/2016\/?p=1872"},"modified":"2019-07-03T10:19:24","modified_gmt":"2019-07-03T09:19:24","slug":"lyon-vallee-de-la-chimie-traversee-dun-paysage-industriel-2","status":"publish","type":"post","link":"https:\/\/www.editions-libel.fr\/maison-edition\/2016\/02\/18\/lyon-vallee-de-la-chimie-traversee-dun-paysage-industriel-2\/","title":{"rendered":"LYON, VALL\u00c9E DE LA CHIMIE"},"content":{"rendered":"[vc_row][vc_column][vc_column_text el_class=\u00a0\u00bbfor_border_bottom\u00a0\u00bb]<b><img loading=\"lazy\" decoding=\"async\" class=\"alignnone size-full wp-image-6051\" src=\"http:\/\/dev.editions-libel.fr\/2019\/wp-content\/uploads\/lyon-vallee-de-la-chimie-SIGNATURE-LYON.jpg\" alt=\"\" width=\"1500\" height=\"300\" srcset=\"https:\/\/www.editions-libel.fr\/maison-edition\/wp-content\/uploads\/lyon-vallee-de-la-chimie-SIGNATURE-LYON.jpg 1500w, https:\/\/www.editions-libel.fr\/maison-edition\/wp-content\/uploads\/lyon-vallee-de-la-chimie-SIGNATURE-LYON-300x60.jpg 300w, https:\/\/www.editions-libel.fr\/maison-edition\/wp-content\/uploads\/lyon-vallee-de-la-chimie-SIGNATURE-LYON-900x180.jpg 900w, https:\/\/www.editions-libel.fr\/maison-edition\/wp-content\/uploads\/lyon-vallee-de-la-chimie-SIGNATURE-LYON-150x30.jpg 150w, https:\/\/www.editions-libel.fr\/maison-edition\/wp-content\/uploads\/lyon-vallee-de-la-chimie-SIGNATURE-LYON-1024x205.jpg 1024w, https:\/\/www.editions-libel.fr\/maison-edition\/wp-content\/uploads\/lyon-vallee-de-la-chimie-SIGNATURE-LYON-325x65.jpg 325w\" sizes=\"auto, (max-width: 1500px) 100vw, 1500px\" \/>LYON, VALL\u00c9E DE LA CHIMIE. TRAVERS\u00c9E D&rsquo;UN PAYSAGE INDUSTRIEL<br \/>\n<\/b><\/p>\n<p>RDV \u00e0 la libraire Rive Gauche (Lyon 7e) jeudi 18 f\u00e9vrier 2016 \u00e0 partir de 19h30 pour rencontrer les auteurs d&rsquo;une enqu\u00eate en terre inconnu<span class=\"Titre\"><span class=\"TexteLegende\"><span class=\"Texte\">e.<br \/>\n<\/span><\/span><\/span><\/p>\n<p><strong>La Vall\u00e9e de la chimie. <span style=\"text-decoration: underline;\"><a href=\"http:\/\/desaleux.com\/\" target=\"_blank\" rel=\"noopener noreferrer\">David Desaleux<\/a><\/span><\/strong>, photographe, <strong>Fran\u00e7ois Duch\u00eane<\/strong>, chercheur en g\u00e9ographie sociale \u00e0 l&rsquo;<span style=\"text-decoration: underline;\"><a href=\"http:\/\/www.entpe.fr\/\" target=\"_blank\" rel=\"noopener noreferrer\" class=\"broken_link\">ENTPE<\/a><\/span>, et <strong>L\u00e9a Marchand<\/strong>, experte de l&rsquo;association <span style=\"text-decoration: underline;\">Robins des Villes<\/span> proposent une d\u00e9couverte in\u00e9dite du territoire de la vall\u00e9e de la chimie, au sud de Lyon. \u00c0 travers des analyses historiques (\u00e9volutions industrielles, man\u0153uvres \u00e9conomiques, cons\u00e9quences sur le travail, l&rsquo;habitat, l&rsquo;urbanisme&#8230;), les regards subjectifs offerts \u00e0 des habitants rencontr\u00e9s \u00e0 Pierre-B\u00e9nite, Saint-Fons ou Feyzin, les descriptions des paysages entre usines, tours de cit\u00e9s et bords du Rh\u00f4ne, et enfin les photographies sensibles de Desaleux, <strong>les trois auteurs s&rsquo;approchent de la r\u00e9alit\u00e9 d&rsquo;un territoire, \u00e0 hauteur d&rsquo;hommes et en retrait des chemin\u00e9es d&rsquo;usines<\/strong>.<span class=\"lang lang-fr\" lang=\"fr\"><br \/>\n<\/span><\/p>\n<p><strong>La libraire Rive Gauche<\/strong> accueille une rencontre suivie d&rsquo;une signature avec les trois auteurs. L&rsquo;occasion d&rsquo;\u00e9voquer <strong>la m\u00e9thodologie de l&rsquo;enqu\u00eate<\/strong> et pourquoi pas de s&rsquo;interroger sur les prolongations de ce travail.<\/p>\n<p><strong>JEUDI 18 F\u00c9VRIER 2016 &#8211; 19h30<br \/>\n<span style=\"text-decoration: underline;\"><a href=\"http:\/\/rivegauchelibrairiepapeterie.hautetfort.com\/\" target=\"_blank\" rel=\"noopener noreferrer\">Rive Gauche<\/a><\/span><\/strong>, 19, rue de Marseille &#8211; 69007 Lyon<br \/>\n04 78 72 72 45 &#8211; <a href=\"mailto:rivegauche69@wanadoo.fr\" target=\"_blank\" rel=\"noopener noreferrer\">rivegauche69@wanadoo.fr<\/a>[\/vc_column_text][\/vc_column][\/vc_row]\n","protected":false},"excerpt":{"rendered":"<p>[vc_row][vc_column][vc_column_text el_class=\u00a0\u00bbfor_border_bottom\u00a0\u00bb]LYON, VALL\u00c9E DE LA CHIMIE. TRAVERS\u00c9E D&rsquo;UN PAYSAGE INDUSTRIEL RDV \u00e0 la libraire Rive Gauche (Lyon 7e) jeudi 18 f\u00e9vrier 2016 \u00e0 partir de 19h30 pour rencontrer les auteurs d&rsquo;une enqu\u00eate en terre inconnue. La Vall\u00e9e de la chimie. David Desaleux, photographe, Fran\u00e7ois Duch\u00eane, chercheur en g\u00e9ographie sociale \u00e0 l&rsquo;ENTPE, et L\u00e9a Marchand, experte [&hellip;]<\/p>\n","protected":false},"author":1,"featured_media":4880,"comment_status":"closed","ping_status":"open","sticky":false,"template":"","format":"standard","meta":{"footnotes":""},"categories":[28,64],"tags":[],"class_list":["post-1872","post","type-post","status-publish","format-standard","has-post-thumbnail","hentry","category-actualites","category-rencontre"],"_links":{"self":[{"href":"https:\/\/www.editions-libel.fr\/maison-edition\/wp-json\/wp\/v2\/posts\/1872","targetHints":{"allow":["GET"]}}],"collection":[{"href":"https:\/\/www.editions-libel.fr\/maison-edition\/wp-json\/wp\/v2\/posts"}],"about":[{"href":"https:\/\/www.editions-libel.fr\/maison-edition\/wp-json\/wp\/v2\/types\/post"}],"author":[{"embeddable":true,"href":"https:\/\/www.editions-libel.fr\/maison-edition\/wp-json\/wp\/v2\/users\/1"}],"replies":[{"embeddable":true,"href":"https:\/\/www.editions-libel.fr\/maison-edition\/wp-json\/wp\/v2\/comments?post=1872"}],"version-history":[{"count":3,"href":"https:\/\/www.editions-libel.fr\/maison-edition\/wp-json\/wp\/v2\/posts\/1872\/revisions"}],"predecessor-version":[{"id":6052,"href":"https:\/\/www.editions-libel.fr\/maison-edition\/wp-json\/wp\/v2\/posts\/1872\/revisions\/6052"}],"wp:featuredmedia":[{"embeddable":true,"href":"https:\/\/www.editions-libel.fr\/maison-edition\/wp-json\/wp\/v2\/media\/4880"}],"wp:attachment":[{"href":"https:\/\/www.editions-libel.fr\/maison-edition\/wp-json\/wp\/v2\/media?parent=1872"}],"wp:term":[{"taxonomy":"category","embeddable":true,"href":"https:\/\/www.editions-libel.fr\/maison-edition\/wp-json\/wp\/v2\/categories?post=1872"},{"taxonomy":"post_tag","embeddable":true,"href":"https:\/\/www.editions-libel.fr\/maison-edition\/wp-json\/wp\/v2\/tags?post=1872"}],"curies":[{"name":"wp","href":"https:\/\/api.w.org\/{rel}","templated":true}]}}