{"id":1868,"date":"2015-11-28T07:11:28","date_gmt":"2015-11-28T06:11:28","guid":{"rendered":"http:\/\/www.editions-libel.fr\/2016\/?p=1868"},"modified":"2019-07-03T10:18:15","modified_gmt":"2019-07-03T09:18:15","slug":"journal-anniversaire-10-ans-dexpositions-au-grand-sechoir","status":"publish","type":"post","link":"https:\/\/www.editions-libel.fr\/maison-edition\/2015\/11\/28\/journal-anniversaire-10-ans-dexpositions-au-grand-sechoir\/","title":{"rendered":"10 ANS D&rsquo;EXPOSITIONS AU GRAND S\u00c9CHOIR"},"content":{"rendered":"[vc_row][vc_column][vc_column_text el_class=\u00a0\u00bbfor_border_bottom\u00a0\u00bb]\n<p style=\"text-align: center;\"><b><img loading=\"lazy\" decoding=\"async\" class=\"alignnone size-full wp-image-6056\" src=\"http:\/\/dev.editions-libel.fr\/2019\/wp-content\/uploads\/musee-de-la-noix-lancement.jpg\" alt=\"\" width=\"1500\" height=\"300\" srcset=\"https:\/\/www.editions-libel.fr\/maison-edition\/wp-content\/uploads\/musee-de-la-noix-lancement.jpg 1500w, https:\/\/www.editions-libel.fr\/maison-edition\/wp-content\/uploads\/musee-de-la-noix-lancement-300x60.jpg 300w, https:\/\/www.editions-libel.fr\/maison-edition\/wp-content\/uploads\/musee-de-la-noix-lancement-900x180.jpg 900w, https:\/\/www.editions-libel.fr\/maison-edition\/wp-content\/uploads\/musee-de-la-noix-lancement-150x30.jpg 150w, https:\/\/www.editions-libel.fr\/maison-edition\/wp-content\/uploads\/musee-de-la-noix-lancement-1024x205.jpg 1024w, https:\/\/www.editions-libel.fr\/maison-edition\/wp-content\/uploads\/musee-de-la-noix-lancement-325x65.jpg 325w\" sizes=\"auto, (max-width: 1500px) 100vw, 1500px\" \/>JOURNAL ANNIVERSAIRE &#8211; 10 ANS D&rsquo;EXPOSITIONS AU GRAND S\u00c9CHOIR<br \/>\n<\/b><\/p>\n<p style=\"text-align: center;\">Une journ\u00e9e anniversaire au Mus\u00e9e du Pays de la noix<span class=\"Titre\"><span class=\"TexteLegende\"><span class=\"Texte\">.<\/span><\/span><\/span><\/p>\n<p style=\"text-align: center;\"><span class=\"Titre\"><span class=\"TexteLegende\"><span class=\"Texte\"><br \/>\n<\/span><\/span><\/span><strong>10 ann\u00e9es pour valoriser la noix et son territoire.<\/strong> Le Grand S\u00e9choir pr\u00e9sente depuis 10 ans dans la commune de Vinay (Is\u00e8re) l&rsquo;histoire, le patrimoine et les enjeux li\u00e9s \u00e0 la noix, qui est cultiv\u00e9e en abondance sur ce territoire du Dauphin\u00e9. \u00c0 travers une exposition permanente et des expositions temporaires, les hommes qui ont fait vivre ce territoire, le patrimoine immat\u00e9riel qui entoure la noix ou encore les multiples usages de son bois sont \u00e9voqu\u00e9s.<\/p>\n<p style=\"text-align: center;\"><strong>2005\/2015 c\u00e9l\u00e9br\u00e9 par un Journal et une journ\u00e9e \u00e9v\u00e9nement. <\/strong>Le 28 novembre, les animateurs du Grand S\u00e9choir invitent les visiteurs \u00e0 d\u00e9couvrir le Journal anniversaire con\u00e7u par les \u00e9ditions Libel. Au fil des pages, les expositions pass\u00e9es se d\u00e9voilent : \u00ab\u00a0Portraits d&rsquo;ateliers, Alfred Vourey, photographe \u00e0 Vinay 1900-1936\u00a0\u00bb, \u00ab\u00a0Veines et merveilles, le bois de noyer\u00a0\u00bb, \u00ab\u00a0Fragments de cin\u00e9ma. Reflet d&rsquo;une collecte de films amateurs\u00a0\u00bb, \u00ab\u00a0La noix de Grenoble, reine des desserts et des confiseries\u00a0\u00bb&#8230; La journ\u00e9e se poursuit avec le spectacle du cirque Filyfolia, puis la d\u00e9gustation du g\u00e2teau d&rsquo;anniversaire.<\/p>\n<p style=\"text-align: center;\"><strong>Le Grand S\u00e9choir &#8211; Maison du Pays de la noix<\/strong>, 705 route de Grenoble, 38470 Vinay<br \/>\n<a href=\"http:\/\/www.legrandsechoir.fr\/\" target=\"_blank\" rel=\"noopener noreferrer\" class=\"broken_link\">www.legrandsechoir.fr<\/a> &#8211; 04 76 36 36 10<\/p>\n<p>\u00a0[\/vc_column_text][\/vc_column][\/vc_row]\n","protected":false},"excerpt":{"rendered":"<p>[vc_row][vc_column][vc_column_text el_class=\u00a0\u00bbfor_border_bottom\u00a0\u00bb] JOURNAL ANNIVERSAIRE &#8211; 10 ANS D&rsquo;EXPOSITIONS AU GRAND S\u00c9CHOIR Une journ\u00e9e anniversaire au Mus\u00e9e du Pays de la noix. 10 ann\u00e9es pour valoriser la noix et son territoire. Le Grand S\u00e9choir pr\u00e9sente depuis 10 ans dans la commune de Vinay (Is\u00e8re) l&rsquo;histoire, le patrimoine et les enjeux li\u00e9s \u00e0 la noix, qui est [&hellip;]<\/p>\n","protected":false},"author":1,"featured_media":4885,"comment_status":"closed","ping_status":"open","sticky":false,"template":"","format":"standard","meta":{"footnotes":""},"categories":[28,74],"tags":[],"class_list":["post-1868","post","type-post","status-publish","format-standard","has-post-thumbnail","hentry","category-actualites","category-lancement"],"_links":{"self":[{"href":"https:\/\/www.editions-libel.fr\/maison-edition\/wp-json\/wp\/v2\/posts\/1868","targetHints":{"allow":["GET"]}}],"collection":[{"href":"https:\/\/www.editions-libel.fr\/maison-edition\/wp-json\/wp\/v2\/posts"}],"about":[{"href":"https:\/\/www.editions-libel.fr\/maison-edition\/wp-json\/wp\/v2\/types\/post"}],"author":[{"embeddable":true,"href":"https:\/\/www.editions-libel.fr\/maison-edition\/wp-json\/wp\/v2\/users\/1"}],"replies":[{"embeddable":true,"href":"https:\/\/www.editions-libel.fr\/maison-edition\/wp-json\/wp\/v2\/comments?post=1868"}],"version-history":[{"count":7,"href":"https:\/\/www.editions-libel.fr\/maison-edition\/wp-json\/wp\/v2\/posts\/1868\/revisions"}],"predecessor-version":[{"id":6058,"href":"https:\/\/www.editions-libel.fr\/maison-edition\/wp-json\/wp\/v2\/posts\/1868\/revisions\/6058"}],"wp:featuredmedia":[{"embeddable":true,"href":"https:\/\/www.editions-libel.fr\/maison-edition\/wp-json\/wp\/v2\/media\/4885"}],"wp:attachment":[{"href":"https:\/\/www.editions-libel.fr\/maison-edition\/wp-json\/wp\/v2\/media?parent=1868"}],"wp:term":[{"taxonomy":"category","embeddable":true,"href":"https:\/\/www.editions-libel.fr\/maison-edition\/wp-json\/wp\/v2\/categories?post=1868"},{"taxonomy":"post_tag","embeddable":true,"href":"https:\/\/www.editions-libel.fr\/maison-edition\/wp-json\/wp\/v2\/tags?post=1868"}],"curies":[{"name":"wp","href":"https:\/\/api.w.org\/{rel}","templated":true}]}}