{"id":1862,"date":"2015-03-25T07:09:03","date_gmt":"2015-03-25T06:09:03","guid":{"rendered":"http:\/\/www.editions-libel.fr\/2016\/?p=1862"},"modified":"2019-07-03T10:16:41","modified_gmt":"2019-07-03T09:16:41","slug":"lyon-cite-radieuse-4","status":"publish","type":"post","link":"https:\/\/www.editions-libel.fr\/maison-edition\/2015\/03\/25\/lyon-cite-radieuse-4\/","title":{"rendered":"LYON, CIT\u00c9 RADIEUSE"},"content":{"rendered":"[vc_row][vc_column][vc_column_text el_class=\u00a0\u00bbfor_border_bottom\u00a0\u00bb]<b><img loading=\"lazy\" decoding=\"async\" class=\"alignnone size-full wp-image-6117\" src=\"http:\/\/dev.editions-libel.fr\/2019\/wp-content\/uploads\/lyon-cite-radieuse-jacques-rey-georges-fessy-rencontre-BML-avril-2015-2.jpg\" alt=\"\" width=\"1500\" height=\"300\" srcset=\"https:\/\/www.editions-libel.fr\/maison-edition\/wp-content\/uploads\/lyon-cite-radieuse-jacques-rey-georges-fessy-rencontre-BML-avril-2015-2.jpg 1500w, https:\/\/www.editions-libel.fr\/maison-edition\/wp-content\/uploads\/lyon-cite-radieuse-jacques-rey-georges-fessy-rencontre-BML-avril-2015-2-300x60.jpg 300w, https:\/\/www.editions-libel.fr\/maison-edition\/wp-content\/uploads\/lyon-cite-radieuse-jacques-rey-georges-fessy-rencontre-BML-avril-2015-2-900x180.jpg 900w, https:\/\/www.editions-libel.fr\/maison-edition\/wp-content\/uploads\/lyon-cite-radieuse-jacques-rey-georges-fessy-rencontre-BML-avril-2015-2-150x30.jpg 150w, https:\/\/www.editions-libel.fr\/maison-edition\/wp-content\/uploads\/lyon-cite-radieuse-jacques-rey-georges-fessy-rencontre-BML-avril-2015-2-1024x205.jpg 1024w, https:\/\/www.editions-libel.fr\/maison-edition\/wp-content\/uploads\/lyon-cite-radieuse-jacques-rey-georges-fessy-rencontre-BML-avril-2015-2-325x65.jpg 325w\" sizes=\"auto, (max-width: 1500px) 100vw, 1500px\" \/><br \/>\n<\/b><\/p>\n<p><span class=\"Titre\"><span class=\"TexteLegende\"><strong>LYON, CIT\u00c9 RADIEUSE<\/strong><\/span><\/span><\/p>\n<p><span class=\"Titre\"><span class=\"TexteLegende\">Deux occasions de rencontrer \u00e0 Lyon l&rsquo;architecte et urbaniste Jacques Rey.<\/span><\/span><\/p>\n<p><strong>\u00c0 la BM :<\/strong> Le quartier de la Part-Dieu accueille entre mars et avril 2015 le Forum urbain Lyon city design : l&rsquo;occasion de s&rsquo;interroger sur la mani\u00e8re dont le design urbain peut apporter sa contributions aux mutations de la ville future ! Dans ce cadre, la Biblioth\u00e8que municipale organise avec <a title=\"libel_archipelcdcu\" href=\"http:\/\/archipel-cdcu.fr\/\" target=\"_blank\" rel=\"noopener noreferrer\">Archipel CDCU<\/a> une rencontre entre Jacques Rey et R\u00e9gis Zeller. Ils s&rsquo;interrogeront sur la mani\u00e8re dont la ville et son am\u00e9nagement sont le reflet de notre soci\u00e9t\u00e9.<br \/>\nMercredi 25 mars de 17h \u00e0 18h30 \u00e0 la Biblioth\u00e8que de la Part-Dieu<\/p>\n<p><strong>\u00c0 la MAPRA :<\/strong> La Maison Arts Plastiques Rh\u00f4ne-Alpes consacre un apr\u00e8s-midi \u00e0 Jacques Rey : pr\u00e9sentation de son parcours, de ses r\u00e9alisations et de ses amis artistes. Jacques Rey d\u00e9dicacera \u00e9galement \u00ab\u00a0Lyon, cit\u00e9 radieuse\u00a0\u00bb.<br \/>\nSamedi 4 avril \u00e0 partir de 15h \u00e0 la <a title=\"libel_mapra\" href=\"http:\/\/www.mapra-art.org\/accueil.htm\" target=\"_blank\" rel=\"noopener noreferrer\">MAPRA<\/a> &#8211; 9, rue Paul Chenavard<\/p>\n<p><span style=\"line-height: 1.5;\">Pour d\u00e9couvrir le livre, <\/span><strong style=\"line-height: 1.5;\"><a href=\"https:\/\/www.editions-libel.fr\/maison-edition\/boutique\/lyon-cite-radieuse\/\" target=\"_blank\" rel=\"noopener noreferrer\">cliquer ici<\/a><\/strong>[\/vc_column_text][\/vc_column][\/vc_row]\n","protected":false},"excerpt":{"rendered":"<p>[vc_row][vc_column][vc_column_text el_class=\u00a0\u00bbfor_border_bottom\u00a0\u00bb] LYON, CIT\u00c9 RADIEUSE Deux occasions de rencontrer \u00e0 Lyon l&rsquo;architecte et urbaniste Jacques Rey. \u00c0 la BM : Le quartier de la Part-Dieu accueille entre mars et avril 2015 le Forum urbain Lyon city design : l&rsquo;occasion de s&rsquo;interroger sur la mani\u00e8re dont le design urbain peut apporter sa contributions aux mutations de [&hellip;]<\/p>\n","protected":false},"author":1,"featured_media":4892,"comment_status":"closed","ping_status":"open","sticky":false,"template":"","format":"standard","meta":{"footnotes":""},"categories":[28,64],"tags":[],"class_list":["post-1862","post","type-post","status-publish","format-standard","has-post-thumbnail","hentry","category-actualites","category-rencontre"],"_links":{"self":[{"href":"https:\/\/www.editions-libel.fr\/maison-edition\/wp-json\/wp\/v2\/posts\/1862","targetHints":{"allow":["GET"]}}],"collection":[{"href":"https:\/\/www.editions-libel.fr\/maison-edition\/wp-json\/wp\/v2\/posts"}],"about":[{"href":"https:\/\/www.editions-libel.fr\/maison-edition\/wp-json\/wp\/v2\/types\/post"}],"author":[{"embeddable":true,"href":"https:\/\/www.editions-libel.fr\/maison-edition\/wp-json\/wp\/v2\/users\/1"}],"replies":[{"embeddable":true,"href":"https:\/\/www.editions-libel.fr\/maison-edition\/wp-json\/wp\/v2\/comments?post=1862"}],"version-history":[{"count":6,"href":"https:\/\/www.editions-libel.fr\/maison-edition\/wp-json\/wp\/v2\/posts\/1862\/revisions"}],"predecessor-version":[{"id":6121,"href":"https:\/\/www.editions-libel.fr\/maison-edition\/wp-json\/wp\/v2\/posts\/1862\/revisions\/6121"}],"wp:featuredmedia":[{"embeddable":true,"href":"https:\/\/www.editions-libel.fr\/maison-edition\/wp-json\/wp\/v2\/media\/4892"}],"wp:attachment":[{"href":"https:\/\/www.editions-libel.fr\/maison-edition\/wp-json\/wp\/v2\/media?parent=1862"}],"wp:term":[{"taxonomy":"category","embeddable":true,"href":"https:\/\/www.editions-libel.fr\/maison-edition\/wp-json\/wp\/v2\/categories?post=1862"},{"taxonomy":"post_tag","embeddable":true,"href":"https:\/\/www.editions-libel.fr\/maison-edition\/wp-json\/wp\/v2\/tags?post=1862"}],"curies":[{"name":"wp","href":"https:\/\/api.w.org\/{rel}","templated":true}]}}