{"id":1858,"date":"2015-04-12T07:07:09","date_gmt":"2015-04-12T06:07:09","guid":{"rendered":"http:\/\/www.editions-libel.fr\/2016\/?p=1858"},"modified":"2019-07-03T10:16:12","modified_gmt":"2019-07-03T09:16:12","slug":"la-saone-au-coeur-de-lyon-deux-mille-ans-dhistoire-qui-ont-fait-la-ville","status":"publish","type":"post","link":"https:\/\/www.editions-libel.fr\/maison-edition\/2015\/04\/12\/la-saone-au-coeur-de-lyon-deux-mille-ans-dhistoire-qui-ont-fait-la-ville\/","title":{"rendered":"LA SA\u00d4NE AU C\u0152UR DE LYON"},"content":{"rendered":"[vc_row][vc_column][vc_column_text el_class=\u00a0\u00bbfor_border_bottom\u00a0\u00bb]<b><img loading=\"lazy\" decoding=\"async\" class=\"alignnone size-full wp-image-6129\" src=\"http:\/\/dev.editions-libel.fr\/2019\/wp-content\/uploads\/la-saone-au-coeur-de-lyon-bruno-voisin-presentation-2015-2.jpg\" alt=\"\" width=\"1500\" height=\"300\" srcset=\"https:\/\/www.editions-libel.fr\/maison-edition\/wp-content\/uploads\/la-saone-au-coeur-de-lyon-bruno-voisin-presentation-2015-2.jpg 1500w, https:\/\/www.editions-libel.fr\/maison-edition\/wp-content\/uploads\/la-saone-au-coeur-de-lyon-bruno-voisin-presentation-2015-2-300x60.jpg 300w, https:\/\/www.editions-libel.fr\/maison-edition\/wp-content\/uploads\/la-saone-au-coeur-de-lyon-bruno-voisin-presentation-2015-2-900x180.jpg 900w, https:\/\/www.editions-libel.fr\/maison-edition\/wp-content\/uploads\/la-saone-au-coeur-de-lyon-bruno-voisin-presentation-2015-2-150x30.jpg 150w, https:\/\/www.editions-libel.fr\/maison-edition\/wp-content\/uploads\/la-saone-au-coeur-de-lyon-bruno-voisin-presentation-2015-2-1024x205.jpg 1024w, https:\/\/www.editions-libel.fr\/maison-edition\/wp-content\/uploads\/la-saone-au-coeur-de-lyon-bruno-voisin-presentation-2015-2-325x65.jpg 325w\" sizes=\"auto, (max-width: 1500px) 100vw, 1500px\" \/>LA SA\u00d4NE AU C\u0152UR DE LYON. DEUX MILLE ANS D&rsquo;HISTOIRE QUI ONT FAIT LA VILLE<\/b><\/p>\n<p>Lyon, c&rsquo;est la ville aux deux cours d&rsquo;eau. Si le Rh\u00f4ne est mieux connu, lieu de d\u00e9tente et de passage tant sur l\u2019eau que sur ses rives, la Sa\u00f4ne semble aujourd&rsquo;hui \u00e9loign\u00e9e de la vie quotidienne des Lyonnais. Elle a pourtant longtemps \u00e9t\u00e9 le c\u0153ur de la ville.<\/p>\n<p><strong>Un \u00e9clairage original sur la ville de Lyon.<\/strong> La Sa\u00f4ne, v\u00e9ritable bassin semblable au Grand Canal de Venise, a longtemps \u00e9t\u00e9 l\u2019art\u00e8re principale de la cit\u00e9. Bord\u00e9e d\u2019\u00e9glises, de palais et de monast\u00e8res, elle est aussi un centre marchand et accueille ports et march\u00e9s. Famili\u00e8re \u00e0 chacun, la Sa\u00f4ne voit se d\u00e9rouler d\u00e8s le Moyen-\u00c2ge vogues et de processions, en particulier lors des grandes entr\u00e9es royales, des joutes et des combats. Si le bassin de Sa\u00f4ne est aujourd\u2019hui m\u00e9connaissable, ses rives ont vu se d\u00e9velopper la ville de Lyon pendant plus de deux mille ans.<\/p>\n<p><strong>Un tr\u00e9sor oubli\u00e9.<\/strong> <em><a href=\"http:\/\/www.editions-libel.fr\/maison-edition\/boutique\/la-saone-au-coeur-de-lyon\/\" target=\"_blank\" rel=\"noopener noreferrer\">La Sa\u00f4ne au c\u0153ur de Lyon<\/a><\/em> nous fait revivre cette histoire bimill\u00e9naire, \u00e0 travers de nombreuses illustrations issues des fonds des Mus\u00e9es Gadagne ou des Archives municipales de Lyon. Au fil des pages se dessinent l\u2019installation progressive de la ville autour du cours d\u2019eau, jalonn\u00e9e d\u2019\u00e9v\u00e8nements qui ont marqu\u00e9 les Lyonnais.<\/p>\n<p>Aujourd\u2019hui, le projet \u00ab\u00a0Rives de Sa\u00f4ne\u00a0\u00bb vient questionner le futur de la cit\u00e9 : Lyon va-t-elle vraiment renouer avec sa rivi\u00e8re et la Sa\u00f4ne redevenir un lieu de la vie quotidienne des Lyonnais ?[\/vc_column_text][\/vc_column][\/vc_row]\n","protected":false},"excerpt":{"rendered":"<p>[vc_row][vc_column][vc_column_text el_class=\u00a0\u00bbfor_border_bottom\u00a0\u00bb]LA SA\u00d4NE AU C\u0152UR DE LYON. DEUX MILLE ANS D&rsquo;HISTOIRE QUI ONT FAIT LA VILLE Lyon, c&rsquo;est la ville aux deux cours d&rsquo;eau. Si le Rh\u00f4ne est mieux connu, lieu de d\u00e9tente et de passage tant sur l\u2019eau que sur ses rives, la Sa\u00f4ne semble aujourd&rsquo;hui \u00e9loign\u00e9e de la vie quotidienne des Lyonnais. Elle [&hellip;]<\/p>\n","protected":false},"author":1,"featured_media":784,"comment_status":"closed","ping_status":"open","sticky":false,"template":"","format":"standard","meta":{"footnotes":""},"categories":[28,74],"tags":[],"class_list":["post-1858","post","type-post","status-publish","format-standard","has-post-thumbnail","hentry","category-actualites","category-lancement"],"_links":{"self":[{"href":"https:\/\/www.editions-libel.fr\/maison-edition\/wp-json\/wp\/v2\/posts\/1858","targetHints":{"allow":["GET"]}}],"collection":[{"href":"https:\/\/www.editions-libel.fr\/maison-edition\/wp-json\/wp\/v2\/posts"}],"about":[{"href":"https:\/\/www.editions-libel.fr\/maison-edition\/wp-json\/wp\/v2\/types\/post"}],"author":[{"embeddable":true,"href":"https:\/\/www.editions-libel.fr\/maison-edition\/wp-json\/wp\/v2\/users\/1"}],"replies":[{"embeddable":true,"href":"https:\/\/www.editions-libel.fr\/maison-edition\/wp-json\/wp\/v2\/comments?post=1858"}],"version-history":[{"count":4,"href":"https:\/\/www.editions-libel.fr\/maison-edition\/wp-json\/wp\/v2\/posts\/1858\/revisions"}],"predecessor-version":[{"id":6131,"href":"https:\/\/www.editions-libel.fr\/maison-edition\/wp-json\/wp\/v2\/posts\/1858\/revisions\/6131"}],"wp:featuredmedia":[{"embeddable":true,"href":"https:\/\/www.editions-libel.fr\/maison-edition\/wp-json\/wp\/v2\/media\/784"}],"wp:attachment":[{"href":"https:\/\/www.editions-libel.fr\/maison-edition\/wp-json\/wp\/v2\/media?parent=1858"}],"wp:term":[{"taxonomy":"category","embeddable":true,"href":"https:\/\/www.editions-libel.fr\/maison-edition\/wp-json\/wp\/v2\/categories?post=1858"},{"taxonomy":"post_tag","embeddable":true,"href":"https:\/\/www.editions-libel.fr\/maison-edition\/wp-json\/wp\/v2\/tags?post=1858"}],"curies":[{"name":"wp","href":"https:\/\/api.w.org\/{rel}","templated":true}]}}