{"id":1854,"date":"2014-04-12T07:04:07","date_gmt":"2014-04-12T06:04:07","guid":{"rendered":"http:\/\/www.editions-libel.fr\/2016\/?p=1854"},"modified":"2019-07-03T10:13:26","modified_gmt":"2019-07-03T09:13:26","slug":"inedits-des-editions-libel","status":"publish","type":"post","link":"https:\/\/www.editions-libel.fr\/maison-edition\/2014\/04\/12\/inedits-des-editions-libel\/","title":{"rendered":"LES IN\u00c9DITS DES \u00c9DITIONS LIBEL"},"content":{"rendered":"[vc_row][vc_column][vc_column_text el_class=\u00a0\u00bbfor_border_bottom\u00a0\u00bb]<b><img loading=\"lazy\" decoding=\"async\" class=\"alignnone size-full wp-image-6130\" src=\"http:\/\/dev.editions-libel.fr\/2019\/wp-content\/uploads\/nicolas-dieterle-de-la-figure-au-paysage-presentation-2015-2.jpg\" alt=\"\" width=\"1500\" height=\"300\" srcset=\"https:\/\/www.editions-libel.fr\/maison-edition\/wp-content\/uploads\/nicolas-dieterle-de-la-figure-au-paysage-presentation-2015-2.jpg 1500w, https:\/\/www.editions-libel.fr\/maison-edition\/wp-content\/uploads\/nicolas-dieterle-de-la-figure-au-paysage-presentation-2015-2-300x60.jpg 300w, https:\/\/www.editions-libel.fr\/maison-edition\/wp-content\/uploads\/nicolas-dieterle-de-la-figure-au-paysage-presentation-2015-2-900x180.jpg 900w, https:\/\/www.editions-libel.fr\/maison-edition\/wp-content\/uploads\/nicolas-dieterle-de-la-figure-au-paysage-presentation-2015-2-150x30.jpg 150w, https:\/\/www.editions-libel.fr\/maison-edition\/wp-content\/uploads\/nicolas-dieterle-de-la-figure-au-paysage-presentation-2015-2-1024x205.jpg 1024w, https:\/\/www.editions-libel.fr\/maison-edition\/wp-content\/uploads\/nicolas-dieterle-de-la-figure-au-paysage-presentation-2015-2-325x65.jpg 325w\" sizes=\"auto, (max-width: 1500px) 100vw, 1500px\" \/>IN\u00c9DITS DES \u00c9DITIONS LIBEL<br \/>\n<\/b><\/p>\n<p><span class=\"Titre\"><span class=\"TexteLegende\"><span class=\"Texte\"><span class=\"userContent\">Un aper\u00e7u de quelques ouvrages<\/span> \u00e9dit\u00e9s ces derni\u00e8res ann\u00e9es aux \u00e9ditions Libel mais non diffus\u00e9s par nos soins&#8230;<\/span><\/span><\/span><\/p>\n<p><strong>\u00ab\u00a0Ce matin et demain. Panorama des m\u00e9tiers de la propret\u00e9\u00a0\u00bb<\/strong>. Un ouvrage con\u00e7u pour la Direction de la Propret\u00e9, service du Grand Lyon. Le photographe <strong><a title=\"libel_proprete-grand-lyon_timor\" href=\"http:\/\/www.timor-rocks.com\/ce-matin-et-demain-un-beau-livre-sur-les-travailleurs-de-la-proprete\/\" target=\"_blank\" rel=\"noopener noreferrer\">Ernesto Timor<\/a><\/strong> et les journalistes Sandrine Boucher et <strong><a title=\"libel_proprete-grand-lyon_vouillon\" href=\"https:\/\/twitter.com\/vouillonp\" target=\"_blank\" rel=\"noopener noreferrer\">Philippe Vouillon<\/a><\/strong> sont partis en reportage, \u00e0 la rencontre des hommes et des femmes qui travaillent quotidiennement au traitement des d\u00e9chets dans le Grand Lyon.<br \/>\n<span class=\"userContent\">\u00ab\u00a0<em>Travailleurs de l&rsquo;invisible alors qu&rsquo;ils exercent dans l&rsquo;espace public, v\u00eatus de couleurs vives, c&rsquo;est lorsque les agents de la propret\u00e9 sont absents, lorsqu&rsquo;ils viennent \u00e0 manquer, qu&rsquo;ils deviennent visibles.<\/em>\u00a0\u00bb<br \/>\n<strong><a title=\"libel_proprete-grand-lyon_lanz\" href=\"http:\/\/graphica.fr\/wp\/?portfolio_page=ce-matin-et-demain\" target=\"_blank\" rel=\"noopener noreferrer\">Fanny Lanz<\/a><\/strong> a assur\u00e9 la mise en page et le graphisme de ce beau livre, offert aux agents des services de la Propret\u00e9 par le Grand Lyon.<br \/>\n<\/span><\/p>\n<p>\u00ab\u00a0<strong>De la figure au paysage, un art po\u00e9tique. Nicolas Dieterl\u00e9, dessins et peintures<\/strong>\u00ab\u00a0. Nicolas Dieterl\u00e9 est un po\u00e8te et un artiste n\u00e9 en 1963 et mort en 2000. Les \u00e9ditions Libel ont \u00e9t\u00e9 sollicit\u00e9es par les parents de l&rsquo;artiste pour publier un catalogue raisonn\u00e9 de ses \u0153uvres. L&rsquo;historien de l&rsquo;art Pierre Encrev\u00e9 propose une introduction \u00e0 cette \u00e9dition scientifique de 336 pages, recoupant les \u0153uvres de Dieterl\u00e9 en 4 cat\u00e9gories : Visages, Personnages, Bestiaire et Paysage.<br \/>\n\u00ab\u00a0<em>Ce que Nicolas Dieterl\u00e9 nomme la folie, \u00ab folie du paysage \u00bb, est synonyme de libert\u00e9\u2026 C\u2019est cette libert\u00e9 \u00e0 l\u2019\u0153uvre dans le dessin ou la peinture, qui fait oser peindre un arbre bleu, ou repr\u00e9senter un personnage en marche ou en apesanteur dans les airs<\/em>.\u00a0\u00bb (Gaetano Persechini, texte de 4e de couverture)<br \/>\n<span class=\"text_exposed_show\"><strong>Le livre est disponible sur commande via l&rsquo;association des Amis de Nicolas Dieterl\u00e9 La Pierre et l&rsquo;oiseau : <a href=\"http:\/\/www.pierre-et-oiseau.fr\/wp\/a-propos-de-l-association\/bon-de-command\" target=\"_blank\" rel=\"noopener noreferrer\" class=\"broken_link\">ici<\/a><\/strong>.<\/span><\/p>\n<p><strong><span class=\"SousTitre\">Les tr\u00e9sors des familles de l&rsquo;Ain. <\/span><\/strong>\u00ab\u00a0Les grandes familles de la Dombes. Le chartrier des Romans-Ferrari, XV<sup>e<\/sup>-XIX<sup>e<\/sup> si\u00e8cle\u00a0\u00bb. Les Archives d\u00e9partementales de l&rsquo;Ain sont engag\u00e9es dans une d\u00e9marche de valorisation des fonds priv\u00e9s, notamment d&rsquo;archives familiales. Ces documents rec\u00e8lent des cl\u00e9s pour la compr\u00e9hension des \u00e9v\u00e9nements historiques et pour la mise en valeur des liens entre l&rsquo;histoire des individus, celle des territoires, et l&rsquo;histoire g\u00e9n\u00e9rale.<br \/>\n\u00ab\u00a0<em>En raison de l&rsquo;\u00e9tendue des domaines et des multiples activit\u00e9s li\u00e9es \u00e0 leur gestion, Guillaume C\u00e9sar de Romans-Ferrari sollicita \u00e0 plusieurs reprises le concours du g\u00e9om\u00e8tre George, maire de Meillonnas. De cette collaboration professionnelle, qui s&rsquo;est transform\u00e9e au fil des ann\u00e9es en de v\u00e9ritables relations amicales, il reste aujourd&rsquo;hui plusieurs liasses d&rsquo;archives&#8230;<\/em>\u00a0\u00bb<br \/>\n<strong>Le livre est disponible \u00e0 la vente aupr\u00e8s des <a href=\"http:\/\/www.archives-numerisees.ain.fr\/m\/publications\/catalogue_archives_departementales\/n:45\" target=\"_blank\" rel=\"noopener noreferrer\" class=\"broken_link\">Archives d\u00e9partementales de l&rsquo;Ain<\/a> !<\/strong><\/p>\n<p><strong>\u00ab\u00a0La route, le Bugey, le monde\u00a0\u00bb. <\/strong>Cet ouvrage a \u00e9t\u00e9 con\u00e7u pour la Conservation d\u00e9partementale des mus\u00e9es de l&rsquo;Ain, \u00e0 l&rsquo;occasion d&rsquo;une exposition pour le mus\u00e9e du Bugey-Valromey \u00e0 Lochieu. Cartes, tableaux et reproductions des objets arch\u00e9ologiques et artistiques des collections illustrent ce beau livre au format original : 23x16cm.<br \/>\n\u00ab\u00a0<em>Le Bugey \u00e0 l\u2019\u00e9cart des routes serait le Bugey \u00e0 l\u2019\u00e9cart du temps. Pourtant, dans le Bugey, le pass\u00e9 et le pr\u00e9sent s\u2019inscrivent aussi dans les circulations, les \u00e9changes et les d\u00e9placements. Depuis des mill\u00e9naires, les communications ont permis aux hommes d\u2019\u00e9changer et de changer continuellement.<\/em>\u00ab\u00a0<span class=\"userContent\"><br \/>\n<strong>Le livre est notamment disponible sur le site de vente de la <a title=\"libel_bugey_fems\" href=\"http:\/\/www.madeinmusees.com\/boutique.php\/303-La_route,_le_Bugey,_le_monde\" target=\"_blank\" rel=\"noopener noreferrer\" class=\"broken_link\">F\u00e9d\u00e9ration des \u00e9comus\u00e9es et des mus\u00e9es de soci\u00e9t\u00e9<\/a><\/strong>.<\/span><\/p>\n<p>\u00ab\u00a0<strong>Recueil des Comm\u00e9morations nationales 2014<\/strong>\u00ab\u00a0. Les <strong>Archives de France <\/strong>\u00e9ditent chaque ann\u00e9e un recueil destin\u00e9 \u00e0 faire conna\u00eetre les personnes et les \u00e9v\u00e9nements qui seront c\u00e9l\u00e9br\u00e9s dans les mois qui suivent au titre des comm\u00e9morations nationales. L&rsquo;ann\u00e9e 2014 a \u00e9t\u00e9 en particulier plac\u00e9e sous le signe du d\u00e9but des comm\u00e9morations de la Grande guerre, qui donne son iconographie \u00e0 la couverture du Recueil \u00e9dit\u00e9 par les \u00e9ditions Libel.<br \/>\n<span class=\"text_exposed_show\">Feuilleter le livre : <strong><a href=\"http:\/\/www.culturecommunication.gouv.fr\/var\/culture\/storage\/pub\/commemorations_nationales_2014\/index.htm#\/1\" target=\"_blank\" rel=\"noopener noreferrer\" class=\"broken_link\">ici<\/a><\/strong>. D\u00e9couvrir les chroniques de ces comm\u00e9morations : <strong><a title=\"libel_commemorations2014_archives-de-france\" href=\"http:\/\/www.archivesdefrance.culture.gouv.fr\/action-culturelle\/celebrations-nationales\/recueil-2014\/\" target=\"_blank\" rel=\"noopener noreferrer\">en<\/a><a title=\"libel_commemorations2014_archives-de-france\" href=\"http:\/\/www.archivesdefrance.culture.gouv.fr\/action-culturelle\/celebrations-nationales\/recueil-2014\/\" target=\"_blank\" rel=\"noopener noreferrer\"> ligne<\/a><\/strong>.<\/span><\/p>\n<p><span class=\"SousTitre\"><strong>Rousseau<\/strong>. <\/span>L&rsquo;<strong><a title=\"libel_apl_rousseau\" href=\"http:\/\/www.aplettres.org\" target=\"_blank\" rel=\"noopener noreferrer\">Association des Professeurs de Lettres<\/a><\/strong> a consacr\u00e9 un num\u00e9ro hors-s\u00e9rie de sa Revue \u00e0 Jean-Jacques Rousseau. Les \u00e9ditions Libel ont mis en page et \u00e9dit\u00e9 ce num\u00e9ro compos\u00e9 de divers articles sur l&rsquo;\u0153uvre de Rousseau ou certains de ses \u00e9crits et d&rsquo;un cahier d&rsquo;images de repr\u00e9sentations des textes de l&rsquo;auteur ou de portraits.<br \/>\n\u00ab\u00a0<em>Il est coutumier, et \u00e9minemment pertinent bien s\u00fbr, d&rsquo;inscrire la pens\u00e9e de Rousseau dans une dialectique qui l&rsquo;oppose \u00e0 Voltaire. Il n&rsquo;est pas s\u00fbr pourtant que la fameuse controverse suffise \u00e0 rendre compte de ce que repr\u00e9sente l&rsquo;\u0153uvre du Genevois \u00e0 l&rsquo;\u00e9chelle des si\u00e8cles et c&rsquo;est quand on le confronte \u00e0 Saint Augustin, son antique pr\u00e9decesseur, qu&rsquo;il prend son envergure historique. Qu&rsquo;on se souvienne en effet du c\u00e9l\u00e8bre \u00e9pisode du vol des poires, racont\u00e9 par l&rsquo;\u00e9v\u00eaque d&rsquo;Hippone dans ses propres <\/em>Confessions<em>.<\/em>\u00a0\u00bb (Pr\u00e9face de Romain Vincent, Pr\u00e9sident de l&rsquo;APL)<\/p>\n<p>\u00ab\u00a0<strong>Le Champ. Pass\u00e9 ancien et r\u00e9cent du Champ-pr\u00e8s-Froges<\/strong>\u00ab\u00a0. Passionn\u00e9 de l&rsquo;histoire de son village, l&rsquo;ancien professeur de l&rsquo;Universit\u00e9 Joseph Fourier de Grenoble Jean Bouvet lui consacre une monographie dans ce livre \u00e9rudit, illustr\u00e9 de photographies et de documents d&rsquo;archives.<br \/>\n\u00ab\u00a0<em>Au centre g\u00e9ographique du village et \u00e0 450 m\u00e8tres d&rsquo;altitude, l&rsquo;\u00e9glise et le presbyt\u00e8re constituent le berceau d&rsquo;une partie de l&rsquo;histoire anienne de la vie paroissiale qui les animait. Cette \u00e9glise a subi au cours des si\u00e8cles les assauts du temps<\/em>\u00a0\u00bb<br \/>\nJean Bouvet est l&rsquo;auteur aux \u00e9ditions Libel de \u00ab\u00a0<strong><a href=\"http:\/\/www.editions-libel.fr\/maison-edition\/boutique\/un-siecle-decologie-a-luniversite-de-grenoble\/\" target=\"_blank\" rel=\"noopener noreferrer\">Un si\u00e8cle d&rsquo;\u00e9cologie \u00e0 l&rsquo;Universit\u00e9 de Grenoble<\/a><\/strong>\u00ab\u00a0.[\/vc_column_text][\/vc_column][\/vc_row]\n","protected":false},"excerpt":{"rendered":"<p>[vc_row][vc_column][vc_column_text el_class=\u00a0\u00bbfor_border_bottom\u00a0\u00bb]IN\u00c9DITS DES \u00c9DITIONS LIBEL Un aper\u00e7u de quelques ouvrages \u00e9dit\u00e9s ces derni\u00e8res ann\u00e9es aux \u00e9ditions Libel mais non diffus\u00e9s par nos soins&#8230; \u00ab\u00a0Ce matin et demain. Panorama des m\u00e9tiers de la propret\u00e9\u00a0\u00bb. Un ouvrage con\u00e7u pour la Direction de la Propret\u00e9, service du Grand Lyon. Le photographe Ernesto Timor et les journalistes Sandrine Boucher [&hellip;]<\/p>\n","protected":false},"author":1,"featured_media":4900,"comment_status":"closed","ping_status":"open","sticky":false,"template":"","format":"standard","meta":{"footnotes":""},"categories":[28],"tags":[],"class_list":["post-1854","post","type-post","status-publish","format-standard","has-post-thumbnail","hentry","category-actualites"],"_links":{"self":[{"href":"https:\/\/www.editions-libel.fr\/maison-edition\/wp-json\/wp\/v2\/posts\/1854","targetHints":{"allow":["GET"]}}],"collection":[{"href":"https:\/\/www.editions-libel.fr\/maison-edition\/wp-json\/wp\/v2\/posts"}],"about":[{"href":"https:\/\/www.editions-libel.fr\/maison-edition\/wp-json\/wp\/v2\/types\/post"}],"author":[{"embeddable":true,"href":"https:\/\/www.editions-libel.fr\/maison-edition\/wp-json\/wp\/v2\/users\/1"}],"replies":[{"embeddable":true,"href":"https:\/\/www.editions-libel.fr\/maison-edition\/wp-json\/wp\/v2\/comments?post=1854"}],"version-history":[{"count":6,"href":"https:\/\/www.editions-libel.fr\/maison-edition\/wp-json\/wp\/v2\/posts\/1854\/revisions"}],"predecessor-version":[{"id":6134,"href":"https:\/\/www.editions-libel.fr\/maison-edition\/wp-json\/wp\/v2\/posts\/1854\/revisions\/6134"}],"wp:featuredmedia":[{"embeddable":true,"href":"https:\/\/www.editions-libel.fr\/maison-edition\/wp-json\/wp\/v2\/media\/4900"}],"wp:attachment":[{"href":"https:\/\/www.editions-libel.fr\/maison-edition\/wp-json\/wp\/v2\/media?parent=1854"}],"wp:term":[{"taxonomy":"category","embeddable":true,"href":"https:\/\/www.editions-libel.fr\/maison-edition\/wp-json\/wp\/v2\/categories?post=1854"},{"taxonomy":"post_tag","embeddable":true,"href":"https:\/\/www.editions-libel.fr\/maison-edition\/wp-json\/wp\/v2\/tags?post=1854"}],"curies":[{"name":"wp","href":"https:\/\/api.w.org\/{rel}","templated":true}]}}