{"id":1852,"date":"2014-06-12T07:03:11","date_gmt":"2014-06-12T06:03:11","guid":{"rendered":"http:\/\/www.editions-libel.fr\/2016\/?p=1852"},"modified":"2019-07-03T10:13:00","modified_gmt":"2019-07-03T09:13:00","slug":"traits-resistants-la-resistance-dans-la-bande-dessinee-de-1944-a-nos-jours-2","status":"publish","type":"post","link":"https:\/\/www.editions-libel.fr\/maison-edition\/2014\/06\/12\/traits-resistants-la-resistance-dans-la-bande-dessinee-de-1944-a-nos-jours-2\/","title":{"rendered":"TRAITS R\u00c9SISTANTS"},"content":{"rendered":"[vc_row][vc_column][vc_column_text el_class=\u00a0\u00bbfor_border_bottom\u00a0\u00bb]<b><img loading=\"lazy\" decoding=\"async\" class=\"alignnone size-full wp-image-6135\" src=\"http:\/\/dev.editions-libel.fr\/2019\/wp-content\/uploads\/traits-resistants-la-resistance-dans-la-bande-dessinee-reedition-juin-2014-2.jpg\" alt=\"\" width=\"1500\" height=\"300\" srcset=\"https:\/\/www.editions-libel.fr\/maison-edition\/wp-content\/uploads\/traits-resistants-la-resistance-dans-la-bande-dessinee-reedition-juin-2014-2.jpg 1500w, https:\/\/www.editions-libel.fr\/maison-edition\/wp-content\/uploads\/traits-resistants-la-resistance-dans-la-bande-dessinee-reedition-juin-2014-2-300x60.jpg 300w, https:\/\/www.editions-libel.fr\/maison-edition\/wp-content\/uploads\/traits-resistants-la-resistance-dans-la-bande-dessinee-reedition-juin-2014-2-900x180.jpg 900w, https:\/\/www.editions-libel.fr\/maison-edition\/wp-content\/uploads\/traits-resistants-la-resistance-dans-la-bande-dessinee-reedition-juin-2014-2-150x30.jpg 150w, https:\/\/www.editions-libel.fr\/maison-edition\/wp-content\/uploads\/traits-resistants-la-resistance-dans-la-bande-dessinee-reedition-juin-2014-2-1024x205.jpg 1024w, https:\/\/www.editions-libel.fr\/maison-edition\/wp-content\/uploads\/traits-resistants-la-resistance-dans-la-bande-dessinee-reedition-juin-2014-2-325x65.jpg 325w\" sizes=\"auto, (max-width: 1500px) 100vw, 1500px\" \/><a id=\"reedition\"><\/a>TRAITS R\u00c9SISTANTS. LA R\u00c9SISTANCE DANS LA BANDE DESSIN\u00c9E DE 1944 \u00c0 NOS JOURS<\/b><\/p>\n<p><span class=\"Titre\"><span class=\"TexteLegende\"><span class=\"Texte\">Victime de son succ\u00e8s l&rsquo;ouvrage Traits r\u00e9sistants s&rsquo;offre une nouvelle \u00e9dition revue et augment\u00e9e.<\/span><\/span><\/span><\/p>\n<p>Avec l&rsquo;appui du Centre d&rsquo;Histoire de la R\u00e9sistance et de la D\u00e9portation de Lyon, du Mus\u00e9e de la R\u00e9sistance nationale de Champigny-sur-Marne et des auteurs du livre, les \u00e9ditions libel sont heureuses d&rsquo;annoncer la r\u00e9\u00e9dition de l&rsquo;ouvrage r\u00e9f\u00e9rence \u00ab\u00a0Traits r\u00e9sistants. La R\u00e9sistance dans la bande dessin\u00e9e de 1944 \u00e0 nos jours\u00a0\u00bb !<\/p>\n<p><strong>Un sujet in\u00e9dit.<\/strong> L\u2019ouvrage \u00ab\u00a0<a href=\"http:\/\/www.editions-libel.fr\/maison-edition\/boutique\/traits-resistants\/\" target=\"_blank\" rel=\"noopener noreferrer\">Traits r\u00e9sistants<\/a>\u00a0\u00bb a accompagn\u00e9 de mars \u00e0 septembre 2011 une exposition au CHRD de Lyon consacr\u00e9e \u00e0 la R\u00e9sistance dans la bande dessin\u00e9e. L&rsquo;exposition comme son catalogue proposaient alors un regard original et compl\u00e8tement in\u00e9dit sur l&rsquo;image de la R\u00e9sistance \u00e0 travers le temps et les \u00e9volutions de son historiographie, et l&rsquo;influence de ses repr\u00e9sentations sur les consciences et dans l&rsquo;imaginaire collectif.<\/p>\n<p>Pr\u00e9sentant des planches originales comme le chef d&rsquo;\u0153uvre <em>La b\u00eate est morte<\/em> d&rsquo;Edmond-Fran\u00e7ois Calvo de 1944 ou l&rsquo;\u0153uvre de r\u00e9f\u00e9rence <em>La R\u00e9sistance du Sanglier<\/em> de St\u00e9phane Levallois paru en 2008, des articles de sp\u00e9cialistes de la bande dessin\u00e9e, et alors que les auteurs et dessinateurs de bande dessin\u00e9e se penchent toujours plus sur l&rsquo;histoire contemporaine et l&rsquo;histoire des conflits, l&rsquo;ouvrage \u00ab\u00a0Traits r\u00e9sistants. La R\u00e9sistance dans la bande dessin\u00e9e\u00a0\u00bb est un livre de fonds, une r\u00e9f\u00e9rence sur le sujet.<\/p>\n<p><strong>La r\u00e9\u00e9dition d&rsquo;un ouvrage de fonds.<\/strong> Cette nouvelle \u00e9dition d&rsquo;un ouvrage r\u00e9f\u00e9rence proposera d&rsquo;abord une couverture souple et non plus rigide, \u00e9voquant le format des illustr\u00e9s de l&rsquo;\u00e9poque, comme des comics d&rsquo;aujourd&rsquo;hui. Quelques pages suppl\u00e9mentaires (192 pages en tout) permettront la pr\u00e9sentation de dessins dans un format agrandi, voire d&rsquo;images in\u00e9dites.[\/vc_column_text][\/vc_column][\/vc_row]\n","protected":false},"excerpt":{"rendered":"<p>[vc_row][vc_column][vc_column_text el_class=\u00a0\u00bbfor_border_bottom\u00a0\u00bb]TRAITS R\u00c9SISTANTS. LA R\u00c9SISTANCE DANS LA BANDE DESSIN\u00c9E DE 1944 \u00c0 NOS JOURS Victime de son succ\u00e8s l&rsquo;ouvrage Traits r\u00e9sistants s&rsquo;offre une nouvelle \u00e9dition revue et augment\u00e9e. Avec l&rsquo;appui du Centre d&rsquo;Histoire de la R\u00e9sistance et de la D\u00e9portation de Lyon, du Mus\u00e9e de la R\u00e9sistance nationale de Champigny-sur-Marne et des auteurs du livre, [&hellip;]<\/p>\n","protected":false},"author":1,"featured_media":787,"comment_status":"closed","ping_status":"open","sticky":false,"template":"","format":"standard","meta":{"footnotes":""},"categories":[28],"tags":[],"class_list":["post-1852","post","type-post","status-publish","format-standard","has-post-thumbnail","hentry","category-actualites"],"_links":{"self":[{"href":"https:\/\/www.editions-libel.fr\/maison-edition\/wp-json\/wp\/v2\/posts\/1852","targetHints":{"allow":["GET"]}}],"collection":[{"href":"https:\/\/www.editions-libel.fr\/maison-edition\/wp-json\/wp\/v2\/posts"}],"about":[{"href":"https:\/\/www.editions-libel.fr\/maison-edition\/wp-json\/wp\/v2\/types\/post"}],"author":[{"embeddable":true,"href":"https:\/\/www.editions-libel.fr\/maison-edition\/wp-json\/wp\/v2\/users\/1"}],"replies":[{"embeddable":true,"href":"https:\/\/www.editions-libel.fr\/maison-edition\/wp-json\/wp\/v2\/comments?post=1852"}],"version-history":[{"count":4,"href":"https:\/\/www.editions-libel.fr\/maison-edition\/wp-json\/wp\/v2\/posts\/1852\/revisions"}],"predecessor-version":[{"id":6136,"href":"https:\/\/www.editions-libel.fr\/maison-edition\/wp-json\/wp\/v2\/posts\/1852\/revisions\/6136"}],"wp:featuredmedia":[{"embeddable":true,"href":"https:\/\/www.editions-libel.fr\/maison-edition\/wp-json\/wp\/v2\/media\/787"}],"wp:attachment":[{"href":"https:\/\/www.editions-libel.fr\/maison-edition\/wp-json\/wp\/v2\/media?parent=1852"}],"wp:term":[{"taxonomy":"category","embeddable":true,"href":"https:\/\/www.editions-libel.fr\/maison-edition\/wp-json\/wp\/v2\/categories?post=1852"},{"taxonomy":"post_tag","embeddable":true,"href":"https:\/\/www.editions-libel.fr\/maison-edition\/wp-json\/wp\/v2\/tags?post=1852"}],"curies":[{"name":"wp","href":"https:\/\/api.w.org\/{rel}","templated":true}]}}