{"id":1836,"date":"2013-03-22T06:56:17","date_gmt":"2013-03-22T05:56:17","guid":{"rendered":"http:\/\/www.editions-libel.fr\/2016\/?p=1836"},"modified":"2019-07-03T10:07:22","modified_gmt":"2019-07-03T09:07:22","slug":"les-dessous-de-lisere","status":"publish","type":"post","link":"https:\/\/www.editions-libel.fr\/maison-edition\/2013\/03\/22\/les-dessous-de-lisere\/","title":{"rendered":"LES DESSOUS DE L&rsquo;IS\u00c8RE"},"content":{"rendered":"[vc_row][vc_column][vc_column_text el_class=\u00a0\u00bbfor_border_bottom\u00a0\u00bb]<strong><img loading=\"lazy\" decoding=\"async\" class=\"alignnone size-full wp-image-6152\" src=\"http:\/\/dev.editions-libel.fr\/2019\/wp-content\/uploads\/les-dessous-de-isere-exposition-musee-dauphinois-grenoble-mars-2013-2.jpg\" alt=\"\" width=\"1500\" height=\"300\" srcset=\"https:\/\/www.editions-libel.fr\/maison-edition\/wp-content\/uploads\/les-dessous-de-isere-exposition-musee-dauphinois-grenoble-mars-2013-2.jpg 1500w, https:\/\/www.editions-libel.fr\/maison-edition\/wp-content\/uploads\/les-dessous-de-isere-exposition-musee-dauphinois-grenoble-mars-2013-2-300x60.jpg 300w, https:\/\/www.editions-libel.fr\/maison-edition\/wp-content\/uploads\/les-dessous-de-isere-exposition-musee-dauphinois-grenoble-mars-2013-2-900x180.jpg 900w, https:\/\/www.editions-libel.fr\/maison-edition\/wp-content\/uploads\/les-dessous-de-isere-exposition-musee-dauphinois-grenoble-mars-2013-2-150x30.jpg 150w, https:\/\/www.editions-libel.fr\/maison-edition\/wp-content\/uploads\/les-dessous-de-isere-exposition-musee-dauphinois-grenoble-mars-2013-2-1024x205.jpg 1024w, https:\/\/www.editions-libel.fr\/maison-edition\/wp-content\/uploads\/les-dessous-de-isere-exposition-musee-dauphinois-grenoble-mars-2013-2-325x65.jpg 325w\" sizes=\"auto, (max-width: 1500px) 100vw, 1500px\" \/>LES DESSOUS DE L&rsquo;IS\u00c8RE<\/strong><\/p>\n<p><span class=\"Titre\"><span class=\"TexteLegende\"><span class=\"Texte\">D\u00e9couvrez l&rsquo;histoire de la lingerie f\u00e9minine \u00e0 travers l&rsquo;\u00e9pop\u00e9e industriel d&rsquo;un d\u00e9partement.<\/span><\/span><\/span><\/p>\n<p>Longtemps fleurons de l&rsquo;industrie is\u00e9roise, les activit\u00e9s de lingerie, bonneterie et corseterie n&rsquo;ont encore \u00e9t\u00e9 que peu \u00e9tudi\u00e9es. \u00c0 partir du 22 mars 2013, le Mus\u00e9e dauphinois, mus\u00e9e de soci\u00e9t\u00e9 du d\u00e9partement de l&rsquo;Is\u00e8re, revient sur cette \u00e9pop\u00e9e de la lingerie avec l&rsquo;exposition \u00ab\u00a0Les Dessous de l&rsquo;Is\u00e8re. Une histoire de la lingerie f\u00e9minine\u00a0\u00bb. Exposition prolong\u00e9e jusqu&rsquo;au 21 septembre 2014.<\/p>\n<p><strong>Histoire de la mode et histoire des femmes.<\/strong> \u00c0 l&rsquo;heure industrielle, la fabrication des dessous f\u00e9minins, ancr\u00e9e dans la vie quotidienne des jeunes filles avec la fabrication des trousseaux, n\u00e9cessite l&#8217;emploi d&rsquo;une nombreuse main-d\u2019oeuvre f\u00e9minine locale. Longtemps porteuses du savoir coudre de marques aux noms \u00e9vocateurs \u2013 Lou, Valis\u00e8re, Lora ou Alto-Playtex, elles suivent l&rsquo;\u00e9volution des modes et des technologies, jusqu&rsquo;\u00e0 subir les cons\u00e9quences de la mondialisation du march\u00e9 des dessous. Mais plus qu&rsquo;une histoire sociale, des corsets au \u00ab\u00a0Wonderbra\u00a0\u00bb en passant par les panties et les premiers soutiens-gorge, c&rsquo;est un pan de l&rsquo;histoire de la f\u00e9minit\u00e9 qu&rsquo;\u00e9crivent les employ\u00e9es des grandes entreprises install\u00e9es \u00e0 Grenoble ou Bourgoin-Jallieu.<\/p>\n<p><strong>Un th\u00e8me in\u00e9dit.<\/strong> Le secteur de la lingerie, aujourd&rsquo;hui disparu des terres dauphinoises, a laiss\u00e9 des traces dans les m\u00e9moires. Partis \u00e0 la recherche des acteurs \u2013 et surtout des actrices \u2013 de cette histoire encore r\u00e9cente, historiens et ethnologues proposent au fil d&rsquo;une exposition in\u00e9dite les t\u00e9moignages de celles qui ont fabriqu\u00e9 des pi\u00e8ces de lingerie port\u00e9es par des millions de femmes. Confront\u00e9s aux photographies et films publicitaires de l&rsquo;\u00e9poque pr\u00eat\u00e9s par les partenaires de l&rsquo;exposition, ou aux plus r\u00e9centes \u00ab\u00a0Culottes d&rsquo;Hippolyte\u00a0\u00bb, ces morceaux de m\u00e9moire retrouv\u00e9e, comme les morceaux d&rsquo;\u00e9toffe, permettent de retracer un si\u00e8cle d&rsquo;\u00e9volution de la mode et des moeurs, du rapport \u00e0 l&rsquo;intime et au corps f\u00e9minins.<\/p>\n<p>Mus\u00e9e dauphinois<br \/>\n30, rue Maurice Gignoux \u2022 38031 GRENOBLE cedex 1<br \/>\n<a href=\"http:\/\/www.musee-dauphinois.fr\/2619-les-dessous-de-l-isere.htm\" target=\"_blank\" rel=\"noopener noreferrer\">www.musee-dauphinois.fr<\/a><\/p>\n<p>Retrouvez la Playlist officielle de l&rsquo;exposition sur <a href=\"http:\/\/www.deezer.com\/playlist\/215449911\" target=\"_blank\" rel=\"noopener noreferrer\">Deezer<\/a> ![\/vc_column_text][\/vc_column][\/vc_row]\n","protected":false},"excerpt":{"rendered":"<p>[vc_row][vc_column][vc_column_text el_class=\u00a0\u00bbfor_border_bottom\u00a0\u00bb]LES DESSOUS DE L&rsquo;IS\u00c8RE D\u00e9couvrez l&rsquo;histoire de la lingerie f\u00e9minine \u00e0 travers l&rsquo;\u00e9pop\u00e9e industriel d&rsquo;un d\u00e9partement. Longtemps fleurons de l&rsquo;industrie is\u00e9roise, les activit\u00e9s de lingerie, bonneterie et corseterie n&rsquo;ont encore \u00e9t\u00e9 que peu \u00e9tudi\u00e9es. \u00c0 partir du 22 mars 2013, le Mus\u00e9e dauphinois, mus\u00e9e de soci\u00e9t\u00e9 du d\u00e9partement de l&rsquo;Is\u00e8re, revient sur cette \u00e9pop\u00e9e [&hellip;]<\/p>\n","protected":false},"author":1,"featured_media":727,"comment_status":"closed","ping_status":"open","sticky":false,"template":"","format":"standard","meta":{"footnotes":""},"categories":[28,72],"tags":[],"class_list":["post-1836","post","type-post","status-publish","format-standard","has-post-thumbnail","hentry","category-actualites","category-exposition"],"_links":{"self":[{"href":"https:\/\/www.editions-libel.fr\/maison-edition\/wp-json\/wp\/v2\/posts\/1836","targetHints":{"allow":["GET"]}}],"collection":[{"href":"https:\/\/www.editions-libel.fr\/maison-edition\/wp-json\/wp\/v2\/posts"}],"about":[{"href":"https:\/\/www.editions-libel.fr\/maison-edition\/wp-json\/wp\/v2\/types\/post"}],"author":[{"embeddable":true,"href":"https:\/\/www.editions-libel.fr\/maison-edition\/wp-json\/wp\/v2\/users\/1"}],"replies":[{"embeddable":true,"href":"https:\/\/www.editions-libel.fr\/maison-edition\/wp-json\/wp\/v2\/comments?post=1836"}],"version-history":[{"count":3,"href":"https:\/\/www.editions-libel.fr\/maison-edition\/wp-json\/wp\/v2\/posts\/1836\/revisions"}],"predecessor-version":[{"id":6153,"href":"https:\/\/www.editions-libel.fr\/maison-edition\/wp-json\/wp\/v2\/posts\/1836\/revisions\/6153"}],"wp:featuredmedia":[{"embeddable":true,"href":"https:\/\/www.editions-libel.fr\/maison-edition\/wp-json\/wp\/v2\/media\/727"}],"wp:attachment":[{"href":"https:\/\/www.editions-libel.fr\/maison-edition\/wp-json\/wp\/v2\/media?parent=1836"}],"wp:term":[{"taxonomy":"category","embeddable":true,"href":"https:\/\/www.editions-libel.fr\/maison-edition\/wp-json\/wp\/v2\/categories?post=1836"},{"taxonomy":"post_tag","embeddable":true,"href":"https:\/\/www.editions-libel.fr\/maison-edition\/wp-json\/wp\/v2\/tags?post=1836"}],"curies":[{"name":"wp","href":"https:\/\/api.w.org\/{rel}","templated":true}]}}