{"id":11088,"date":"2026-01-13T15:33:30","date_gmt":"2026-01-13T14:33:30","guid":{"rendered":"https:\/\/www.editions-libel.fr\/maison-edition\/?p=11088"},"modified":"2026-03-24T12:42:13","modified_gmt":"2026-03-24T11:42:13","slug":"le-chat-presse","status":"publish","type":"post","link":"https:\/\/www.editions-libel.fr\/maison-edition\/2026\/01\/13\/le-chat-presse\/","title":{"rendered":"LE CHAT"},"content":{"rendered":"[vc_row][vc_column][vc_column_text]<strong><img loading=\"lazy\" decoding=\"async\" class=\"alignnone wp-image-11092\" src=\"https:\/\/www.editions-libel.fr\/maison-edition\/wp-content\/uploads\/PRESSE_BANDEAU_Le-Chat.png\" alt=\"\" width=\"1045\" height=\"209\" srcset=\"https:\/\/www.editions-libel.fr\/maison-edition\/wp-content\/uploads\/PRESSE_BANDEAU_Le-Chat.png 1500w, https:\/\/www.editions-libel.fr\/maison-edition\/wp-content\/uploads\/PRESSE_BANDEAU_Le-Chat-300x60.png 300w, https:\/\/www.editions-libel.fr\/maison-edition\/wp-content\/uploads\/PRESSE_BANDEAU_Le-Chat-1024x205.png 1024w, https:\/\/www.editions-libel.fr\/maison-edition\/wp-content\/uploads\/PRESSE_BANDEAU_Le-Chat-150x30.png 150w, https:\/\/www.editions-libel.fr\/maison-edition\/wp-content\/uploads\/PRESSE_BANDEAU_Le-Chat-325x65.png 325w, https:\/\/www.editions-libel.fr\/maison-edition\/wp-content\/uploads\/PRESSE_BANDEAU_Le-Chat-900x180.png 900w\" sizes=\"auto, (max-width: 1045px) 100vw, 1045px\" \/><\/strong><\/p>\n<p><strong>Ouest France <\/strong>&#8211; 18 d\u00e9cembre 2025 \u203a<a href=\"https:\/\/www.ouest-france.fr\/culture\/arts\/theatre\/une-piece-tres-realiste-a-cholet-le-spectacle-le-chat-a-touche-le-public-b11ff74c-db54-11f0-8d76-cbe9a6da9c82\" target=\"_blank\" rel=\"noopener\"> Lire l&rsquo;article<\/a><\/p>\n<p><strong>Le Courrier de l&rsquo;Ouest<\/strong> &#8211; 18 d\u00e9cembre 2025 &gt; <a href=\"https:\/\/cholet.maville.com\/actu\/actudet_--une-piece-tres-realiste-a-cholet-le-spectacle-le-chat-a-touche-le-public-_9-7115202_actu.Htm\" target=\"_blank\" rel=\"noopener\">Lire l&rsquo;article<\/a><\/p>\n<p><strong>Ouest France <\/strong>&#8211; 8 d\u00e9cembre 2025 \u203a<a href=\"https:\/\/www.ouest-france.fr\/pays-de-la-loire\/guerande-44350\/ils-echangent-sur-le-harcelement-scolaire-3d6ad885-7396-42db-a492-1c6af04faebe\" target=\"_blank\" rel=\"noopener\"> Lire l&rsquo;article<\/a><\/p>\n<p><strong>Derni\u00e8res Nouvelles d&rsquo;Alsace<\/strong> &#8211; 1<sup>e <\/sup>d\u00e9cembre 2025 &gt; <a href=\"https:\/\/www.dna.fr\/culture-loisirs\/2025\/12\/01\/un-chat-et-des-collegiens-au-centre-d-une-piece-de-theatre\" target=\"_blank\" rel=\"noopener\">Lire l&rsquo;article<\/a><\/p>\n<p><strong>Derni\u00e8res Nouvelles d&rsquo;Alsace<\/strong> &#8211; 20 novembre 2025 &gt; <a href=\"https:\/\/www.dna.fr\/culture-loisirs\/2025\/11\/20\/le-chat-fable-collegienne-contre-le-harcelement\" target=\"_blank\" rel=\"noopener\">Lire l&rsquo;article<\/a><\/p>\n<p><strong>La Nouvelle R\u00e9publique<\/strong> &#8211; 25 f\u00e9vrier 2024 &gt;<a href=\"https:\/\/www.lanouvellerepublique.fr\/indre-et-loire\/commune\/saint-cyr-sur-loire\/saint-cyr-sur-loire-sensibilisation-au-harcelement-scolaire-au-college-de-la-bechellerie\" target=\"_blank\" rel=\"noopener\">Lire l&rsquo;article<\/a><\/p>\n<p>&nbsp;<\/p>\n<p>Plus d&rsquo;infos sur l&rsquo;<a href=\"https:\/\/www.editions-libel.fr\/maison-edition\/boutique\/le-chat\/\" target=\"_blank\" rel=\"noopener\">ouvrage<\/a>.[\/vc_column_text][\/vc_column][\/vc_row]\n","protected":false},"excerpt":{"rendered":"<p>[vc_row][vc_column][vc_column_text] Ouest France &#8211; 18 d\u00e9cembre 2025 \u203a Lire l&rsquo;article Le Courrier de l&rsquo;Ouest &#8211; 18 d\u00e9cembre 2025 &gt; Lire l&rsquo;article Ouest France &#8211; 8 d\u00e9cembre 2025 \u203a Lire l&rsquo;article Derni\u00e8res Nouvelles d&rsquo;Alsace &#8211; 1e d\u00e9cembre 2025 &gt; Lire l&rsquo;article Derni\u00e8res Nouvelles d&rsquo;Alsace &#8211; 20 novembre 2025 &gt; Lire l&rsquo;article La Nouvelle R\u00e9publique &#8211; 25 [&hellip;]<\/p>\n","protected":false},"author":2,"featured_media":11090,"comment_status":"closed","ping_status":"open","sticky":false,"template":"","format":"standard","meta":{"footnotes":""},"categories":[29],"tags":[],"class_list":["post-11088","post","type-post","status-publish","format-standard","has-post-thumbnail","hentry","category-presse"],"_links":{"self":[{"href":"https:\/\/www.editions-libel.fr\/maison-edition\/wp-json\/wp\/v2\/posts\/11088","targetHints":{"allow":["GET"]}}],"collection":[{"href":"https:\/\/www.editions-libel.fr\/maison-edition\/wp-json\/wp\/v2\/posts"}],"about":[{"href":"https:\/\/www.editions-libel.fr\/maison-edition\/wp-json\/wp\/v2\/types\/post"}],"author":[{"embeddable":true,"href":"https:\/\/www.editions-libel.fr\/maison-edition\/wp-json\/wp\/v2\/users\/2"}],"replies":[{"embeddable":true,"href":"https:\/\/www.editions-libel.fr\/maison-edition\/wp-json\/wp\/v2\/comments?post=11088"}],"version-history":[{"count":6,"href":"https:\/\/www.editions-libel.fr\/maison-edition\/wp-json\/wp\/v2\/posts\/11088\/revisions"}],"predecessor-version":[{"id":11104,"href":"https:\/\/www.editions-libel.fr\/maison-edition\/wp-json\/wp\/v2\/posts\/11088\/revisions\/11104"}],"wp:featuredmedia":[{"embeddable":true,"href":"https:\/\/www.editions-libel.fr\/maison-edition\/wp-json\/wp\/v2\/media\/11090"}],"wp:attachment":[{"href":"https:\/\/www.editions-libel.fr\/maison-edition\/wp-json\/wp\/v2\/media?parent=11088"}],"wp:term":[{"taxonomy":"category","embeddable":true,"href":"https:\/\/www.editions-libel.fr\/maison-edition\/wp-json\/wp\/v2\/categories?post=11088"},{"taxonomy":"post_tag","embeddable":true,"href":"https:\/\/www.editions-libel.fr\/maison-edition\/wp-json\/wp\/v2\/tags?post=11088"}],"curies":[{"name":"wp","href":"https:\/\/api.w.org\/{rel}","templated":true}]}}