{"id":10829,"date":"2025-10-27T15:59:50","date_gmt":"2025-10-27T14:59:50","guid":{"rendered":"https:\/\/www.editions-libel.fr\/maison-edition\/?p=10829"},"modified":"2026-01-23T11:54:16","modified_gmt":"2026-01-23T10:54:16","slug":"les-365-aliments-presse","status":"publish","type":"post","link":"https:\/\/www.editions-libel.fr\/maison-edition\/2025\/10\/27\/les-365-aliments-presse\/","title":{"rendered":"LES 365 ALIMENTS DE LA CULTURE GASTRONOMIQUE"},"content":{"rendered":"[vc_row][vc_column][vc_column_text]<strong><img loading=\"lazy\" decoding=\"async\" class=\"alignnone wp-image-10831\" src=\"https:\/\/www.editions-libel.fr\/maison-edition\/wp-content\/uploads\/GABARIT-PRESSE-BANDEAU-300x60.png\" alt=\"\" width=\"1020\" height=\"204\" srcset=\"https:\/\/www.editions-libel.fr\/maison-edition\/wp-content\/uploads\/GABARIT-PRESSE-BANDEAU-300x60.png 300w, https:\/\/www.editions-libel.fr\/maison-edition\/wp-content\/uploads\/GABARIT-PRESSE-BANDEAU-1024x205.png 1024w, https:\/\/www.editions-libel.fr\/maison-edition\/wp-content\/uploads\/GABARIT-PRESSE-BANDEAU-150x30.png 150w, https:\/\/www.editions-libel.fr\/maison-edition\/wp-content\/uploads\/GABARIT-PRESSE-BANDEAU-325x65.png 325w, https:\/\/www.editions-libel.fr\/maison-edition\/wp-content\/uploads\/GABARIT-PRESSE-BANDEAU-900x180.png 900w, https:\/\/www.editions-libel.fr\/maison-edition\/wp-content\/uploads\/GABARIT-PRESSE-BANDEAU.png 1500w\" sizes=\"auto, (max-width: 1020px) 100vw, 1020px\" \/><\/strong><\/p>\n<p><strong><br \/>\nL&rsquo;H\u00f4tellerie-Restauration<\/strong> &#8211; 22 janvier 2026 \u203a <a href=\"https:\/\/www.lhotellerie-restauration.fr\/actualite\/le-mof-simon-verger-organise-le-lancement-de-son-livre-a-l-epmt#\" target=\"_blank\" rel=\"noopener\">Lire l&rsquo;article<\/a><\/p>\n<p><strong>Centre National de Ressource H\u00f4tellerie-Restauration<\/strong> &#8211; 21 janvier 2026 \u203a <a href=\"https:\/\/www.hotellerie-restauration.ac-versailles.fr\/spip.php?article4578\" target=\"_blank\" rel=\"noopener\">Lire l&rsquo;article<\/a><\/p>\n<p><strong>ActuaLitt\u00e9<\/strong> &#8211; 10 d\u00e9cembre 2025 \u203a <a href=\"https:\/\/actualitte.com\/article\/128074\/prix-litteraires\/prix-livres-savoirs-les-distinctions-2025-de-l-academie-de-cuisine\" target=\"_blank\" rel=\"noopener\">Lire l&rsquo;article<\/a><\/p>\n<p><strong>Prix \u00ab\u00a0Livres &amp; Savoirs\u00a0\u00bb 2025 de l&rsquo;Acad\u00e9mie Nationale de Cuisine<\/strong> (cat\u00e9gorie : ouvrage p\u00e9dagogique) \u2013 9 d\u00e9cembre 2025 \u203a <a href=\"https:\/\/nouvellesgastronomiques.com\/lacademie-nationale-de-cuisine-a-decerne-12-prix-livres-savoirs-2025\/\" target=\"_blank\" rel=\"noopener\">Voir le palmar\u00e8s<\/a><\/p>\n<p><strong>Prix \u00ab\u00a0Best Food Professionals Book in the World\u00a0\u00bb des Gourmand Awards 2025<\/strong> \u2013 2 d\u00e9cembre 2025 \u203a <a href=\"https:\/\/www.editions-libel.fr\/maison-edition\/wp-content\/uploads\/30Nov-Diplomas-Awards-2025-1_Simon-Verger.pdf\" target=\"_blank\" rel=\"noopener\">Certificat du Prix<\/a><\/p>\n<p><strong>Tout l&rsquo;univers culinaire <\/strong>&#8211; 21 d\u00e9cembre 2025 \u203a <a href=\"https:\/\/toutluniversculinaire.com\/livres-cadeaux.html\" target=\"_blank\" rel=\"noopener\">Lire la recommandation<\/a><\/p>\n<p><strong>Le populaire du Centre <\/strong>&#8211; 13 d\u00e9cembre 2025 \u203a <a href=\"https:\/\/www.lepopulaire.fr\/limoges-87000\/loisirs\/meilleur-ouvrier-de-france-directeur-d-un-restaurant-deux-etoiles-simon-verger-un-touche-a-tout-originaire-de-limoges_14788631\/\" target=\"_blank\" rel=\"noopener\">Lire l&rsquo;article<\/a><\/p>\n<p><strong>Demain \u00e0 la une n\u00b027 <\/strong>&#8211; novembre 2025 \u203a <a href=\"https:\/\/www.editions-libel.fr\/maison-edition\/wp-content\/uploads\/2025-11-14_Demain-a-la-une-n27_365-aliments.pdf\" target=\"_blank\" rel=\"noopener\">Lire l&rsquo;article<\/a><\/p>\n<p><strong>Gourmet s\u00e9lection <\/strong>&#8211; 23 octobre 2025 \u203a <a href=\"https:\/\/www.salon-gourmet-selection.com\/fr-FR\/actualites\/Newsroom\/Simon-Verger\" target=\"_blank\" rel=\"noopener\">Lire l&rsquo;article<\/a><\/p>\n<p><strong>RCJ \u00ab\u00a0Les petits plats dans les grands\u00a0\u00bb <\/strong>&#8211; 17 octobre 2025 \u203a <a href=\"https:\/\/radiorcj.info\/diffusions\/simon-verger-meilleur-ouvrier-de-france\/\" target=\"_blank\" rel=\"noopener\">\u00c9couter l&rsquo;\u00e9mission<\/a><\/p>\n<p><strong>Newsletter Librairie Gourmande <\/strong>&#8211; septembre 2025 \u203a <a href=\"https:\/\/www.librairiegourmande.fr\/blog\/newsletters\/newsletter-de-septembre-2025\" target=\"_blank\" rel=\"noopener\">Lire l&rsquo;article<\/a>[\/vc_column_text][\/vc_column][\/vc_row][vc_row][vc_column][vc_column_text]Plus d&rsquo;infos sur l&rsquo;<a href=\"https:\/\/www.editions-libel.fr\/maison-edition\/boutique\/les-365-aliments-de-la-culture-gastronomique\/\" target=\"_blank\" rel=\"noopener\">ouvrage<\/a>.[\/vc_column_text][\/vc_column][\/vc_row]\n","protected":false},"excerpt":{"rendered":"<p>[vc_row][vc_column][vc_column_text] L&rsquo;H\u00f4tellerie-Restauration &#8211; 22 janvier 2026 \u203a Lire l&rsquo;article Centre National de Ressource H\u00f4tellerie-Restauration &#8211; 21 janvier 2026 \u203a Lire l&rsquo;article ActuaLitt\u00e9 &#8211; 10 d\u00e9cembre 2025 \u203a Lire l&rsquo;article Prix \u00ab\u00a0Livres &amp; Savoirs\u00a0\u00bb 2025 de l&rsquo;Acad\u00e9mie Nationale de Cuisine (cat\u00e9gorie : ouvrage p\u00e9dagogique) \u2013 9 d\u00e9cembre 2025 \u203a Voir le palmar\u00e8s Prix \u00ab\u00a0Best Food Professionals [&hellip;]<\/p>\n","protected":false},"author":2,"featured_media":10839,"comment_status":"closed","ping_status":"open","sticky":false,"template":"","format":"standard","meta":{"footnotes":""},"categories":[29],"tags":[],"class_list":["post-10829","post","type-post","status-publish","format-standard","has-post-thumbnail","hentry","category-presse"],"_links":{"self":[{"href":"https:\/\/www.editions-libel.fr\/maison-edition\/wp-json\/wp\/v2\/posts\/10829","targetHints":{"allow":["GET"]}}],"collection":[{"href":"https:\/\/www.editions-libel.fr\/maison-edition\/wp-json\/wp\/v2\/posts"}],"about":[{"href":"https:\/\/www.editions-libel.fr\/maison-edition\/wp-json\/wp\/v2\/types\/post"}],"author":[{"embeddable":true,"href":"https:\/\/www.editions-libel.fr\/maison-edition\/wp-json\/wp\/v2\/users\/2"}],"replies":[{"embeddable":true,"href":"https:\/\/www.editions-libel.fr\/maison-edition\/wp-json\/wp\/v2\/comments?post=10829"}],"version-history":[{"count":13,"href":"https:\/\/www.editions-libel.fr\/maison-edition\/wp-json\/wp\/v2\/posts\/10829\/revisions"}],"predecessor-version":[{"id":11128,"href":"https:\/\/www.editions-libel.fr\/maison-edition\/wp-json\/wp\/v2\/posts\/10829\/revisions\/11128"}],"wp:featuredmedia":[{"embeddable":true,"href":"https:\/\/www.editions-libel.fr\/maison-edition\/wp-json\/wp\/v2\/media\/10839"}],"wp:attachment":[{"href":"https:\/\/www.editions-libel.fr\/maison-edition\/wp-json\/wp\/v2\/media?parent=10829"}],"wp:term":[{"taxonomy":"category","embeddable":true,"href":"https:\/\/www.editions-libel.fr\/maison-edition\/wp-json\/wp\/v2\/categories?post=10829"},{"taxonomy":"post_tag","embeddable":true,"href":"https:\/\/www.editions-libel.fr\/maison-edition\/wp-json\/wp\/v2\/tags?post=10829"}],"curies":[{"name":"wp","href":"https:\/\/api.w.org\/{rel}","templated":true}]}}