{"id":10458,"date":"2025-05-19T11:21:35","date_gmt":"2025-05-19T09:21:35","guid":{"rendered":"https:\/\/www.editions-libel.fr\/maison-edition\/?p=10458"},"modified":"2026-01-14T12:27:23","modified_gmt":"2026-01-14T11:27:23","slug":"habiter-avec-les-loups-presse","status":"publish","type":"post","link":"https:\/\/www.editions-libel.fr\/maison-edition\/2025\/05\/19\/habiter-avec-les-loups-presse\/","title":{"rendered":"HABITER AVEC LES LOUPS"},"content":{"rendered":"[vc_row][vc_column][vc_column_text]\n<p style=\"text-align: left;\"><strong><img loading=\"lazy\" decoding=\"async\" class=\"alignnone wp-image-10490\" src=\"https:\/\/www.editions-libel.fr\/maison-edition\/wp-content\/uploads\/habiter-avec-les-loups-chezel-mounet-witt-PRESSE-2-1-300x60.jpg\" alt=\"\" width=\"1000\" height=\"200\" srcset=\"https:\/\/www.editions-libel.fr\/maison-edition\/wp-content\/uploads\/habiter-avec-les-loups-chezel-mounet-witt-PRESSE-2-1-300x60.jpg 300w, https:\/\/www.editions-libel.fr\/maison-edition\/wp-content\/uploads\/habiter-avec-les-loups-chezel-mounet-witt-PRESSE-2-1-1024x205.jpg 1024w, https:\/\/www.editions-libel.fr\/maison-edition\/wp-content\/uploads\/habiter-avec-les-loups-chezel-mounet-witt-PRESSE-2-1-150x30.jpg 150w, https:\/\/www.editions-libel.fr\/maison-edition\/wp-content\/uploads\/habiter-avec-les-loups-chezel-mounet-witt-PRESSE-2-1-325x65.jpg 325w, https:\/\/www.editions-libel.fr\/maison-edition\/wp-content\/uploads\/habiter-avec-les-loups-chezel-mounet-witt-PRESSE-2-1-900x180.jpg 900w, https:\/\/www.editions-libel.fr\/maison-edition\/wp-content\/uploads\/habiter-avec-les-loups-chezel-mounet-witt-PRESSE-2-1.jpg 1500w\" sizes=\"auto, (max-width: 1000px) 100vw, 1000px\" \/><\/strong><\/p>\n<p><strong>Question de communications <\/strong>&#8211; d\u00e9cembre 2025 \u203a <a href=\"https:\/\/journals.openedition.org\/questionsdecommunication\/42654\" target=\"_blank\" rel=\"noopener\">Lire l&rsquo;article<\/a><\/p>\n<p><strong>L&rsquo;\u00e9cologiste <\/strong>&#8211; d\u00e9cembre 2025 \u203a <a href=\"https:\/\/www.editions-libel.fr\/maison-edition\/wp-content\/uploads\/2025-12-01-L-ecologiste_Habiter-avec-les-loups.pdf\" target=\"_blank\" rel=\"noopener\">Lire l&rsquo;article<\/a><\/p>\n<p><strong>Le Dauphin\u00e9 Lib\u00e9r\u00e9<\/strong> &#8211; 8 septembre 2025 &gt; <a href=\"https:\/\/www.ledauphine.com\/environnement\/2025\/09\/08\/un-livre-qui-elargit-la-reflexion-sur-la-presence-du-loup-en-belledonne\" target=\"_blank\" rel=\"noopener\">Lire l&rsquo;article<\/a><\/p>\n<p><strong>Le Courrier de la Nature n\u00b0346 <\/strong>&#8211; 1er septembre 2025 \u203a <a href=\"https:\/\/www.editions-libel.fr\/maison-edition\/wp-content\/uploads\/Habiter-avec-les-loups-Le-Courrier-de-la-Nature-n346-01-09-25.pdf\" target=\"_blank\" rel=\"noopener\">Lire l&rsquo;article<\/a><\/p>\n<p><strong>Montagne Magazine<\/strong> &#8211; 12 ao\u00fbt 2025 &gt; <a href=\"https:\/\/www.montagnes-magazine.com\/librairie-3-livres-explorer-montagne-autrement\" target=\"_blank\" rel=\"noopener\">Lire l&rsquo;article<\/a><\/p>\n<p><strong>Montagne Magazine <\/strong>&#8211; 23 juin 2025 \u203a <a href=\"https:\/\/www.editions-libel.fr\/maison-edition\/wp-content\/uploads\/Habiter-avec-les-loups-Montagne-Magazine-23-06-25.pdf\" target=\"_blank\" rel=\"noopener\">Lire l&rsquo;article<\/a><\/p>\n<p><strong>JNE <\/strong>&#8211; 9 avril 2025 \u203a <a href=\"https:\/\/www.jne-asso.org\/2025\/03\/17\/habiter-avec-les-loups\/\" target=\"_blank\" rel=\"noopener\">Lire l&rsquo;article<\/a><\/p>\n<p><strong>L&rsquo;Alpe <\/strong>&#8211; 3 mars 2025 \u203a <a href=\"https:\/\/www.editions-libel.fr\/maison-edition\/wp-content\/uploads\/Habiter-avec-les-loups-LAlpe-2-03-03-25.png\" target=\"_blank\" rel=\"noopener\">Lire l&rsquo;article<\/a><\/p>\n<p><strong>Revue Nationale de la Chasse n\u00b0931 <\/strong>&#8211; 1er mars 2025 \u203a <a href=\"https:\/\/www.editions-libel.fr\/maison-edition\/wp-content\/uploads\/Habiter-avec-les-loups-Revue-Nationale-de-la-Chasse-n931-01-03-25.png\" target=\"_blank\" rel=\"noopener\">Lire l&rsquo;article<\/a><\/p>\n<p><strong>Wider <\/strong>&#8211; 25 f\u00e9vrier 2025 \u203a <a href=\"https:\/\/www.widermag.com\/news-livres-les-loups-belledonne\" target=\"_blank\" rel=\"noopener\">Lire l&rsquo;article<\/a><\/p>\n<p><strong>CHARC <\/strong>&#8211; 1er janvier 2025 \u203a <a href=\"https:\/\/www.editions-libel.fr\/maison-edition\/wp-content\/uploads\/Habiter-avec-les-loups-CHARC-n80-81-01-01-25.pdf\" target=\"_blank\" rel=\"noopener\">Lire l&rsquo;article<\/a><\/p>\n<p><strong>Enviscope <\/strong>&#8211; 1er janvier 2025 \u203a <a href=\"https:\/\/www.enviscope.com\/habiter-avec-les-loups-une-recherche-action-en-belledonne\/\" target=\"_blank\" rel=\"noopener\">Lire l&rsquo;article<\/a><\/p>\n<p><strong>Terre Sauvage n\u00b0432 <\/strong>&#8211; janvier 2025 \u203a <a href=\"https:\/\/www.editions-libel.fr\/maison-edition\/wp-content\/uploads\/Habiter-avec-les-loups-Terre-Sauvage-n432-01-25.pdf\" target=\"_blank\" rel=\"noopener\">Lire l&rsquo;article<\/a><\/p>\n<p style=\"text-align: left;\"><strong>La Ch\u00e8vre &#8211; R\u00e9ussir <\/strong>&#8211; 10 novembre 2024 \u203a <a href=\"https:\/\/www.reussir.fr\/chevre\/habiter-avec-les-loups\" target=\"_blank\" rel=\"noopener\">Lire l&rsquo;article<\/a><\/p>\n<p>&nbsp;<\/p>\n<p>Plus d&rsquo;infos sur l&rsquo;<a href=\"https:\/\/www.editions-libel.fr\/maison-edition\/boutique\/habiter-avec-les-loups\/\" target=\"_blank\" rel=\"noopener\">ouvrage<\/a>.[\/vc_column_text][\/vc_column][\/vc_row]\n","protected":false},"excerpt":{"rendered":"<p>[vc_row][vc_column][vc_column_text] Question de communications &#8211; d\u00e9cembre 2025 \u203a Lire l&rsquo;article L&rsquo;\u00e9cologiste &#8211; d\u00e9cembre 2025 \u203a Lire l&rsquo;article Le Dauphin\u00e9 Lib\u00e9r\u00e9 &#8211; 8 septembre 2025 &gt; Lire l&rsquo;article Le Courrier de la Nature n\u00b0346 &#8211; 1er septembre 2025 \u203a Lire l&rsquo;article Montagne Magazine &#8211; 12 ao\u00fbt 2025 &gt; Lire l&rsquo;article Montagne Magazine &#8211; 23 juin 2025 [&hellip;]<\/p>\n","protected":false},"author":2,"featured_media":10461,"comment_status":"closed","ping_status":"open","sticky":false,"template":"","format":"standard","meta":{"footnotes":""},"categories":[29],"tags":[],"class_list":["post-10458","post","type-post","status-publish","format-standard","has-post-thumbnail","hentry","category-presse"],"_links":{"self":[{"href":"https:\/\/www.editions-libel.fr\/maison-edition\/wp-json\/wp\/v2\/posts\/10458","targetHints":{"allow":["GET"]}}],"collection":[{"href":"https:\/\/www.editions-libel.fr\/maison-edition\/wp-json\/wp\/v2\/posts"}],"about":[{"href":"https:\/\/www.editions-libel.fr\/maison-edition\/wp-json\/wp\/v2\/types\/post"}],"author":[{"embeddable":true,"href":"https:\/\/www.editions-libel.fr\/maison-edition\/wp-json\/wp\/v2\/users\/2"}],"replies":[{"embeddable":true,"href":"https:\/\/www.editions-libel.fr\/maison-edition\/wp-json\/wp\/v2\/comments?post=10458"}],"version-history":[{"count":19,"href":"https:\/\/www.editions-libel.fr\/maison-edition\/wp-json\/wp\/v2\/posts\/10458\/revisions"}],"predecessor-version":[{"id":11108,"href":"https:\/\/www.editions-libel.fr\/maison-edition\/wp-json\/wp\/v2\/posts\/10458\/revisions\/11108"}],"wp:featuredmedia":[{"embeddable":true,"href":"https:\/\/www.editions-libel.fr\/maison-edition\/wp-json\/wp\/v2\/media\/10461"}],"wp:attachment":[{"href":"https:\/\/www.editions-libel.fr\/maison-edition\/wp-json\/wp\/v2\/media?parent=10458"}],"wp:term":[{"taxonomy":"category","embeddable":true,"href":"https:\/\/www.editions-libel.fr\/maison-edition\/wp-json\/wp\/v2\/categories?post=10458"},{"taxonomy":"post_tag","embeddable":true,"href":"https:\/\/www.editions-libel.fr\/maison-edition\/wp-json\/wp\/v2\/tags?post=10458"}],"curies":[{"name":"wp","href":"https:\/\/api.w.org\/{rel}","templated":true}]}}